{"id":101052,"date":"2021-10-19T10:21:19","date_gmt":"2021-10-19T13:21:19","guid":{"rendered":"https:\/\/acs.org.br\/antigo\/?p=101052"},"modified":"2021-10-19T10:21:19","modified_gmt":"2021-10-19T13:21:19","slug":"atualidades-71a-regata-santos-rio-tem-largada-da-baia-de-santos-na-sexta-feira","status":"publish","type":"post","link":"https:\/\/acs.org.br\/academy\/atualidades-71a-regata-santos-rio-tem-largada-da-baia-de-santos-na-sexta-feira\/","title":{"rendered":"ATUALIDADES: 71\u00aa Regata Santos-Rio tem largada da Ba\u00eda de Santos, na sexta-feira"},"content":{"rendered":"<p>Fonte: Santa Portal<\/p>\n<p>A regata mais tradicional da vela oce\u00e2nica brasileira ter\u00e1 mais uma edi\u00e7\u00e3o nesta sexta-feira (23) e a largada ser\u00e1 na Ba\u00eda de Santos. Esta ser\u00e1 a 71\u00aa edi\u00e7\u00e3o da regata que j\u00e1 conta com 25 inscritos e pode chegar at\u00e9 35 at\u00e9 o dia da competi\u00e7\u00e3o.<\/p>\n<p><a href=\"https:\/\/santaportal.com.br\/esporte\/71a-regata-santos-rio\/\">LEIA MAIS&#8230;<\/a><\/p>\n","protected":false},"excerpt":{"rendered":"<p>Fonte: Santa Portal A regata mais tradicional da vela oce\u00e2nica brasileira ter\u00e1 mais uma edi\u00e7\u00e3o nesta sexta-feira (23) e a largada ser\u00e1 na Ba\u00eda de Santos. Esta ser\u00e1 a 71\u00aa edi\u00e7\u00e3o da regata que j\u00e1 conta com 25 inscritos e pode chegar at\u00e9 35 at\u00e9 o dia da competi\u00e7\u00e3o. LEIA MAIS&#8230;<\/p>\n","protected":false},"author":3,"featured_media":101053,"comment_status":"open","ping_status":"open","sticky":false,"template":"","format":"standard","meta":{"footnotes":""},"categories":[105],"tags":[],"_links":{"self":[{"href":"https:\/\/acs.org.br\/academy\/wp-json\/wp\/v2\/posts\/101052"}],"collection":[{"href":"https:\/\/acs.org.br\/academy\/wp-json\/wp\/v2\/posts"}],"about":[{"href":"https:\/\/acs.org.br\/academy\/wp-json\/wp\/v2\/types\/post"}],"author":[{"embeddable":true,"href":"https:\/\/acs.org.br\/academy\/wp-json\/wp\/v2\/users\/3"}],"replies":[{"embeddable":true,"href":"https:\/\/acs.org.br\/academy\/wp-json\/wp\/v2\/comments?post=101052"}],"version-history":[{"count":1,"href":"https:\/\/acs.org.br\/academy\/wp-json\/wp\/v2\/posts\/101052\/revisions"}],"predecessor-version":[{"id":101054,"href":"https:\/\/acs.org.br\/academy\/wp-json\/wp\/v2\/posts\/101052\/revisions\/101054"}],"wp:featuredmedia":[{"embeddable":true,"href":"https:\/\/acs.org.br\/academy\/wp-json\/wp\/v2\/media\/101053"}],"wp:attachment":[{"href":"https:\/\/acs.org.br\/academy\/wp-json\/wp\/v2\/media?parent=101052"}],"wp:term":[{"taxonomy":"category","embeddable":true,"href":"https:\/\/acs.org.br\/academy\/wp-json\/wp\/v2\/categories?post=101052"},{"taxonomy":"post_tag","embeddable":true,"href":"https:\/\/acs.org.br\/academy\/wp-json\/wp\/v2\/tags?post=101052"}],"curies":[{"name":"wp","href":"https:\/\/api.w.org\/{rel}","templated":true}]}}