{"id":101049,"date":"2021-10-19T09:58:44","date_gmt":"2021-10-19T12:58:44","guid":{"rendered":"https:\/\/acs.org.br\/antigo\/?p=101049"},"modified":"2021-10-19T09:58:44","modified_gmt":"2021-10-19T12:58:44","slug":"saude-brasil-registra-menor-media-movel-de-mortes-desde-o-inicio-da-pandemia","status":"publish","type":"post","link":"https:\/\/acs.org.br\/academy\/saude-brasil-registra-menor-media-movel-de-mortes-desde-o-inicio-da-pandemia\/","title":{"rendered":"SA\u00daDE: Brasil registra menor m\u00e9dia m\u00f3vel de mortes desde o in\u00edcio da pandemia"},"content":{"rendered":"<p>Fonte: Ag\u00eancia Brasil<\/p>\n<p>Em 19 de abril de 2021 o Brasil registrou a maior m\u00e9dia m\u00f3vel de morte em decorr\u00eancia da covid-19: cerca de 3 mil \u00f3bitos di\u00e1rios. Hoje (19), exatos seis meses ap\u00f3s o \u00e1pice, o Minist\u00e9rio da Sa\u00fade informa que a vacina\u00e7\u00e3o em massa contra a doen\u00e7a surtiu efeito. Segundo a pasta, a queda no n\u00famero de \u00f3bitos foi de quase 90% &#8211; tend\u00eancia que se acumula desde junho.<\/p>\n<p><a href=\"https:\/\/agenciabrasil.ebc.com.br\/saude\/noticia\/2021-10\/brasil-registra-menor-media-movel-de-mortes-desde-o-inicio-da-pandemia\">LEIA MAIS&#8230;<\/a><\/p>\n<p>&nbsp;<\/p>\n","protected":false},"excerpt":{"rendered":"<p>Fonte: Ag\u00eancia Brasil Em 19 de abril de 2021 o Brasil registrou a maior m\u00e9dia m\u00f3vel de morte em decorr\u00eancia da covid-19: cerca de 3 mil \u00f3bitos di\u00e1rios. Hoje (19), exatos seis meses ap\u00f3s o \u00e1pice, o Minist\u00e9rio da Sa\u00fade informa que a vacina\u00e7\u00e3o em massa contra a doen\u00e7a surtiu efeito. Segundo a pasta, a [&hellip;]<\/p>\n","protected":false},"author":3,"featured_media":101050,"comment_status":"open","ping_status":"open","sticky":false,"template":"","format":"standard","meta":{"footnotes":""},"categories":[105],"tags":[],"_links":{"self":[{"href":"https:\/\/acs.org.br\/academy\/wp-json\/wp\/v2\/posts\/101049"}],"collection":[{"href":"https:\/\/acs.org.br\/academy\/wp-json\/wp\/v2\/posts"}],"about":[{"href":"https:\/\/acs.org.br\/academy\/wp-json\/wp\/v2\/types\/post"}],"author":[{"embeddable":true,"href":"https:\/\/acs.org.br\/academy\/wp-json\/wp\/v2\/users\/3"}],"replies":[{"embeddable":true,"href":"https:\/\/acs.org.br\/academy\/wp-json\/wp\/v2\/comments?post=101049"}],"version-history":[{"count":1,"href":"https:\/\/acs.org.br\/academy\/wp-json\/wp\/v2\/posts\/101049\/revisions"}],"predecessor-version":[{"id":101051,"href":"https:\/\/acs.org.br\/academy\/wp-json\/wp\/v2\/posts\/101049\/revisions\/101051"}],"wp:featuredmedia":[{"embeddable":true,"href":"https:\/\/acs.org.br\/academy\/wp-json\/wp\/v2\/media\/101050"}],"wp:attachment":[{"href":"https:\/\/acs.org.br\/academy\/wp-json\/wp\/v2\/media?parent=101049"}],"wp:term":[{"taxonomy":"category","embeddable":true,"href":"https:\/\/acs.org.br\/academy\/wp-json\/wp\/v2\/categories?post=101049"},{"taxonomy":"post_tag","embeddable":true,"href":"https:\/\/acs.org.br\/academy\/wp-json\/wp\/v2\/tags?post=101049"}],"curies":[{"name":"wp","href":"https:\/\/api.w.org\/{rel}","templated":true}]}}