{"id":101046,"date":"2021-10-19T09:53:05","date_gmt":"2021-10-19T12:53:05","guid":{"rendered":"https:\/\/acs.org.br\/antigo\/?p=101046"},"modified":"2021-10-19T09:53:05","modified_gmt":"2021-10-19T12:53:05","slug":"economia-nao-e-igual-no-mundo-todo-inflacao-no-brasil-deve-fechar-ano-maior-que-a-de-83-dos-paises","status":"publish","type":"post","link":"https:\/\/acs.org.br\/academy\/economia-nao-e-igual-no-mundo-todo-inflacao-no-brasil-deve-fechar-ano-maior-que-a-de-83-dos-paises\/","title":{"rendered":"ECONOMIA: N\u00e3o \u00e9 igual no mundo todo: infla\u00e7\u00e3o no Brasil deve fechar ano maior que a de 83% dos pa\u00edses"},"content":{"rendered":"<p>Fonte: G1<\/p>\n<p>A infla\u00e7\u00e3o \u00e9 um problema global \u2013 mas n\u00e3o \u00e9 igual no mundo todo. No Brasil, ela deve encerrar o ano maior que a de 83% dos pa\u00edses, segundo um levantamento do Instituto Brasileiro de Economia da Funda\u00e7\u00e3o Getulio Vargas (Ibre\/FGV).<\/p>\n<p><a href=\"https:\/\/g1.globo.com\/economia\/noticia\/2021\/10\/19\/nao-e-igual-no-mundo-todo-inflacao-no-brasil-deve-fechar-ano-maior-que-a-de-83percent-dos-paises.ghtml\">LEIA MAIS&#8230;<\/a><\/p>\n<p>&nbsp;<\/p>\n","protected":false},"excerpt":{"rendered":"<p>Fonte: G1 A infla\u00e7\u00e3o \u00e9 um problema global \u2013 mas n\u00e3o \u00e9 igual no mundo todo. No Brasil, ela deve encerrar o ano maior que a de 83% dos pa\u00edses, segundo um levantamento do Instituto Brasileiro de Economia da Funda\u00e7\u00e3o Getulio Vargas (Ibre\/FGV). LEIA MAIS&#8230; &nbsp;<\/p>\n","protected":false},"author":3,"featured_media":101047,"comment_status":"open","ping_status":"open","sticky":false,"template":"","format":"standard","meta":{"footnotes":""},"categories":[105],"tags":[],"_links":{"self":[{"href":"https:\/\/acs.org.br\/academy\/wp-json\/wp\/v2\/posts\/101046"}],"collection":[{"href":"https:\/\/acs.org.br\/academy\/wp-json\/wp\/v2\/posts"}],"about":[{"href":"https:\/\/acs.org.br\/academy\/wp-json\/wp\/v2\/types\/post"}],"author":[{"embeddable":true,"href":"https:\/\/acs.org.br\/academy\/wp-json\/wp\/v2\/users\/3"}],"replies":[{"embeddable":true,"href":"https:\/\/acs.org.br\/academy\/wp-json\/wp\/v2\/comments?post=101046"}],"version-history":[{"count":1,"href":"https:\/\/acs.org.br\/academy\/wp-json\/wp\/v2\/posts\/101046\/revisions"}],"predecessor-version":[{"id":101048,"href":"https:\/\/acs.org.br\/academy\/wp-json\/wp\/v2\/posts\/101046\/revisions\/101048"}],"wp:featuredmedia":[{"embeddable":true,"href":"https:\/\/acs.org.br\/academy\/wp-json\/wp\/v2\/media\/101047"}],"wp:attachment":[{"href":"https:\/\/acs.org.br\/academy\/wp-json\/wp\/v2\/media?parent=101046"}],"wp:term":[{"taxonomy":"category","embeddable":true,"href":"https:\/\/acs.org.br\/academy\/wp-json\/wp\/v2\/categories?post=101046"},{"taxonomy":"post_tag","embeddable":true,"href":"https:\/\/acs.org.br\/academy\/wp-json\/wp\/v2\/tags?post=101046"}],"curies":[{"name":"wp","href":"https:\/\/api.w.org\/{rel}","templated":true}]}}