{"id":101033,"date":"2021-10-19T09:32:00","date_gmt":"2021-10-19T12:32:00","guid":{"rendered":"https:\/\/acs.org.br\/antigo\/?p=101033"},"modified":"2021-10-19T09:32:49","modified_gmt":"2021-10-19T12:32:49","slug":"cafe-por-que-o-brasil-esta-exportando-mais-cafe-para-colombia","status":"publish","type":"post","link":"https:\/\/acs.org.br\/academy\/cafe-por-que-o-brasil-esta-exportando-mais-cafe-para-colombia\/","title":{"rendered":"CAF\u00c9: Por que o Brasil est\u00e1 exportando mais caf\u00e9 para Col\u00f4mbia"},"content":{"rendered":"<p>Fonte: Valor Econ\u00f4mico<\/p>\n<p>Segunda maior exportadora de caf\u00e9 ar\u00e1bica do mundo, a Col\u00f4mbia importa caf\u00e9 do l\u00edder do ranking, o Brasil &#8211; e o volume de compras tem crescido de maneira acentuada. Neste ano, entre janeiro e setembro, as vendas brasileiras de caf\u00e9 verde (ou in natura) aos colombianos somaram 814 mil sacas. O volume \u00e9 90% maior que o do mesmo per\u00edodo de 2020 e supera os n\u00fameros dos tr\u00eas anos anteriores, de acordo com dados do Conselho dos Exportadores de Caf\u00e9 do Brasil (Cecaf\u00e9).<\/p>\n<p><a href=\"https:\/\/acs.org.br\/antigo\/wp-content\/uploads\/2021\/10\/CAFE-19.pdf\">LEIA MAIS&#8230;.<\/a><\/p>\n","protected":false},"excerpt":{"rendered":"<p>Fonte: Valor Econ\u00f4mico Segunda maior exportadora de caf\u00e9 ar\u00e1bica do mundo, a Col\u00f4mbia importa caf\u00e9 do l\u00edder do ranking, o Brasil &#8211; e o volume de compras tem crescido de maneira acentuada. Neste ano, entre janeiro e setembro, as vendas brasileiras de caf\u00e9 verde (ou in natura) aos colombianos somaram 814 mil sacas. O volume [&hellip;]<\/p>\n","protected":false},"author":3,"featured_media":101035,"comment_status":"open","ping_status":"open","sticky":false,"template":"","format":"standard","meta":{"footnotes":""},"categories":[105],"tags":[],"_links":{"self":[{"href":"https:\/\/acs.org.br\/academy\/wp-json\/wp\/v2\/posts\/101033"}],"collection":[{"href":"https:\/\/acs.org.br\/academy\/wp-json\/wp\/v2\/posts"}],"about":[{"href":"https:\/\/acs.org.br\/academy\/wp-json\/wp\/v2\/types\/post"}],"author":[{"embeddable":true,"href":"https:\/\/acs.org.br\/academy\/wp-json\/wp\/v2\/users\/3"}],"replies":[{"embeddable":true,"href":"https:\/\/acs.org.br\/academy\/wp-json\/wp\/v2\/comments?post=101033"}],"version-history":[{"count":2,"href":"https:\/\/acs.org.br\/academy\/wp-json\/wp\/v2\/posts\/101033\/revisions"}],"predecessor-version":[{"id":101037,"href":"https:\/\/acs.org.br\/academy\/wp-json\/wp\/v2\/posts\/101033\/revisions\/101037"}],"wp:featuredmedia":[{"embeddable":true,"href":"https:\/\/acs.org.br\/academy\/wp-json\/wp\/v2\/media\/101035"}],"wp:attachment":[{"href":"https:\/\/acs.org.br\/academy\/wp-json\/wp\/v2\/media?parent=101033"}],"wp:term":[{"taxonomy":"category","embeddable":true,"href":"https:\/\/acs.org.br\/academy\/wp-json\/wp\/v2\/categories?post=101033"},{"taxonomy":"post_tag","embeddable":true,"href":"https:\/\/acs.org.br\/academy\/wp-json\/wp\/v2\/tags?post=101033"}],"curies":[{"name":"wp","href":"https:\/\/api.w.org\/{rel}","templated":true}]}}