{"id":101030,"date":"2021-10-19T09:30:23","date_gmt":"2021-10-19T12:30:23","guid":{"rendered":"https:\/\/acs.org.br\/antigo\/?p=101030"},"modified":"2021-10-19T09:30:23","modified_gmt":"2021-10-19T12:30:23","slug":"porto-antaq-cria-grupo-para-discutir-disponibilidade-de-conteineres","status":"publish","type":"post","link":"https:\/\/acs.org.br\/academy\/porto-antaq-cria-grupo-para-discutir-disponibilidade-de-conteineres\/","title":{"rendered":"PORTO: Antaq cria grupo para discutir disponibilidade de cont\u00eaineres"},"content":{"rendered":"<p>Fonte: Informativo dos Portos<\/p>\n<p>A Ag\u00eancia Nacional de Transportes Aquavi\u00e1rios (Antaq) criou um grupo para tratar da quest\u00e3o da disponibilidade e do fluxo de restitui\u00e7\u00e3o de cont\u00eaineres nos portos e recintos alfandegados brasileiros. O problema vem se agravando com a proximidade do fim de ano, quando o consumo tradicionalmente j\u00e1 \u00e9 mais alto, pressionando armadores e agentes log\u00edsticos.<\/p>\n<p><a href=\"https:\/\/www.informativodosportos.com.br\/antaq-cria-grupo-para-discutir-disponibilidade-de-conteineres\/\">LEIA MAIS&#8230;<\/a><\/p>\n","protected":false},"excerpt":{"rendered":"<p>Fonte: Informativo dos Portos A Ag\u00eancia Nacional de Transportes Aquavi\u00e1rios (Antaq) criou um grupo para tratar da quest\u00e3o da disponibilidade e do fluxo de restitui\u00e7\u00e3o de cont\u00eaineres nos portos e recintos alfandegados brasileiros. O problema vem se agravando com a proximidade do fim de ano, quando o consumo tradicionalmente j\u00e1 \u00e9 mais alto, pressionando armadores [&hellip;]<\/p>\n","protected":false},"author":3,"featured_media":101031,"comment_status":"open","ping_status":"open","sticky":false,"template":"","format":"standard","meta":{"footnotes":""},"categories":[105],"tags":[],"_links":{"self":[{"href":"https:\/\/acs.org.br\/academy\/wp-json\/wp\/v2\/posts\/101030"}],"collection":[{"href":"https:\/\/acs.org.br\/academy\/wp-json\/wp\/v2\/posts"}],"about":[{"href":"https:\/\/acs.org.br\/academy\/wp-json\/wp\/v2\/types\/post"}],"author":[{"embeddable":true,"href":"https:\/\/acs.org.br\/academy\/wp-json\/wp\/v2\/users\/3"}],"replies":[{"embeddable":true,"href":"https:\/\/acs.org.br\/academy\/wp-json\/wp\/v2\/comments?post=101030"}],"version-history":[{"count":1,"href":"https:\/\/acs.org.br\/academy\/wp-json\/wp\/v2\/posts\/101030\/revisions"}],"predecessor-version":[{"id":101032,"href":"https:\/\/acs.org.br\/academy\/wp-json\/wp\/v2\/posts\/101030\/revisions\/101032"}],"wp:featuredmedia":[{"embeddable":true,"href":"https:\/\/acs.org.br\/academy\/wp-json\/wp\/v2\/media\/101031"}],"wp:attachment":[{"href":"https:\/\/acs.org.br\/academy\/wp-json\/wp\/v2\/media?parent=101030"}],"wp:term":[{"taxonomy":"category","embeddable":true,"href":"https:\/\/acs.org.br\/academy\/wp-json\/wp\/v2\/categories?post=101030"},{"taxonomy":"post_tag","embeddable":true,"href":"https:\/\/acs.org.br\/academy\/wp-json\/wp\/v2\/tags?post=101030"}],"curies":[{"name":"wp","href":"https:\/\/api.w.org\/{rel}","templated":true}]}}