{"id":101027,"date":"2021-10-19T09:14:08","date_gmt":"2021-10-19T12:14:08","guid":{"rendered":"https:\/\/acs.org.br\/antigo\/?p=101027"},"modified":"2021-10-19T09:14:08","modified_gmt":"2021-10-19T12:14:08","slug":"atualidades-trecho-entre-rua-e-avenidas-de-santos-sera-interditado-para-obras-do-vlt","status":"publish","type":"post","link":"https:\/\/acs.org.br\/academy\/atualidades-trecho-entre-rua-e-avenidas-de-santos-sera-interditado-para-obras-do-vlt\/","title":{"rendered":"ATUALIDADES: Trecho entre rua e avenidas de Santos ser\u00e1 interditado para obras do VLT"},"content":{"rendered":"<p>Fonte: G1 Santos<\/p>\n<p>O trecho entre a Rua Campos Melo e as avenidas Afonso Pena e Conselheiro Rodrigues Alves, em Santos, no litoral de S\u00e3o Paulo, ser\u00e1 interditado a partir desta ter\u00e7a-feira (19). Segundo a prefeitura, a interdi\u00e7\u00e3o se deve \u00e0s obras de expans\u00e3o do Ve\u00edculo Leve Sobre Trilhos (VLT), e tem previs\u00e3o de durar at\u00e9 2 de dezembro.<\/p>\n<p><a href=\"https:\/\/g1.globo.com\/sp\/santos-regiao\/noticia\/2021\/10\/18\/trecho-entre-rua-e-avenidas-de-santos-sera-interditado-para-obras-do-vlt.ghtml\">LEIA MAIS&#8230;<\/a><\/p>\n<p>&nbsp;<\/p>\n","protected":false},"excerpt":{"rendered":"<p>Fonte: G1 Santos O trecho entre a Rua Campos Melo e as avenidas Afonso Pena e Conselheiro Rodrigues Alves, em Santos, no litoral de S\u00e3o Paulo, ser\u00e1 interditado a partir desta ter\u00e7a-feira (19). Segundo a prefeitura, a interdi\u00e7\u00e3o se deve \u00e0s obras de expans\u00e3o do Ve\u00edculo Leve Sobre Trilhos (VLT), e tem previs\u00e3o de durar [&hellip;]<\/p>\n","protected":false},"author":3,"featured_media":0,"comment_status":"open","ping_status":"open","sticky":false,"template":"","format":"standard","meta":{"footnotes":""},"categories":[105],"tags":[],"_links":{"self":[{"href":"https:\/\/acs.org.br\/academy\/wp-json\/wp\/v2\/posts\/101027"}],"collection":[{"href":"https:\/\/acs.org.br\/academy\/wp-json\/wp\/v2\/posts"}],"about":[{"href":"https:\/\/acs.org.br\/academy\/wp-json\/wp\/v2\/types\/post"}],"author":[{"embeddable":true,"href":"https:\/\/acs.org.br\/academy\/wp-json\/wp\/v2\/users\/3"}],"replies":[{"embeddable":true,"href":"https:\/\/acs.org.br\/academy\/wp-json\/wp\/v2\/comments?post=101027"}],"version-history":[{"count":1,"href":"https:\/\/acs.org.br\/academy\/wp-json\/wp\/v2\/posts\/101027\/revisions"}],"predecessor-version":[{"id":101028,"href":"https:\/\/acs.org.br\/academy\/wp-json\/wp\/v2\/posts\/101027\/revisions\/101028"}],"wp:attachment":[{"href":"https:\/\/acs.org.br\/academy\/wp-json\/wp\/v2\/media?parent=101027"}],"wp:term":[{"taxonomy":"category","embeddable":true,"href":"https:\/\/acs.org.br\/academy\/wp-json\/wp\/v2\/categories?post=101027"},{"taxonomy":"post_tag","embeddable":true,"href":"https:\/\/acs.org.br\/academy\/wp-json\/wp\/v2\/tags?post=101027"}],"curies":[{"name":"wp","href":"https:\/\/api.w.org\/{rel}","templated":true}]}}