{"id":100986,"date":"2021-10-18T11:34:14","date_gmt":"2021-10-18T14:34:14","guid":{"rendered":"https:\/\/acs.org.br\/antigo\/?p=100986"},"modified":"2021-10-18T11:34:14","modified_gmt":"2021-10-18T14:34:14","slug":"cafe-cecafe-debate-sobre-como-cadeias-de-abastecimento-podem-lidar-com-a-ruptura-no-transporte-maritimo","status":"publish","type":"post","link":"https:\/\/acs.org.br\/academy\/cafe-cecafe-debate-sobre-como-cadeias-de-abastecimento-podem-lidar-com-a-ruptura-no-transporte-maritimo\/","title":{"rendered":"CAF\u00c9: Cecaf\u00e9 debate sobre como cadeias de abastecimento podem lidar com a ruptura no transporte mar\u00edtimo"},"content":{"rendered":"<p>Fonte: Caf\u00e9 Point<\/p>\n<p>Na sexta-feira (15), o Conselho dos Exportadores de Caf\u00e9 do Brasil (Cecaf\u00e9) participou da mesa redonda virtual \u201cResistindo \u00e0 tempestade: Como as cadeias de abastecimento podem enfrentar a ruptura no transporte mar\u00edtimo\u201d, realizada pela Swiss Coffee Trade Association (SCTA), com a presen\u00e7a de l\u00edderes da cadeia mundial de suprimentos, da produ\u00e7\u00e3o a exporta\u00e7\u00e3o e armadores.<\/p>\n<p><a href=\"https:\/\/www.cafepoint.com.br\/noticias\/giro-de-noticias\/cecafe-debate-sobre-como-cadeias-de-abastecimento-podem-lidar-com-a-ruptura-no-transporte-maritimo-227670\/\">LEIA MAIS&#8230;<\/a><\/p>\n<p>&nbsp;<\/p>\n","protected":false},"excerpt":{"rendered":"<p>Fonte: Caf\u00e9 Point Na sexta-feira (15), o Conselho dos Exportadores de Caf\u00e9 do Brasil (Cecaf\u00e9) participou da mesa redonda virtual \u201cResistindo \u00e0 tempestade: Como as cadeias de abastecimento podem enfrentar a ruptura no transporte mar\u00edtimo\u201d, realizada pela Swiss Coffee Trade Association (SCTA), com a presen\u00e7a de l\u00edderes da cadeia mundial de suprimentos, da produ\u00e7\u00e3o a [&hellip;]<\/p>\n","protected":false},"author":3,"featured_media":0,"comment_status":"open","ping_status":"open","sticky":false,"template":"","format":"standard","meta":{"footnotes":""},"categories":[105],"tags":[],"_links":{"self":[{"href":"https:\/\/acs.org.br\/academy\/wp-json\/wp\/v2\/posts\/100986"}],"collection":[{"href":"https:\/\/acs.org.br\/academy\/wp-json\/wp\/v2\/posts"}],"about":[{"href":"https:\/\/acs.org.br\/academy\/wp-json\/wp\/v2\/types\/post"}],"author":[{"embeddable":true,"href":"https:\/\/acs.org.br\/academy\/wp-json\/wp\/v2\/users\/3"}],"replies":[{"embeddable":true,"href":"https:\/\/acs.org.br\/academy\/wp-json\/wp\/v2\/comments?post=100986"}],"version-history":[{"count":1,"href":"https:\/\/acs.org.br\/academy\/wp-json\/wp\/v2\/posts\/100986\/revisions"}],"predecessor-version":[{"id":100987,"href":"https:\/\/acs.org.br\/academy\/wp-json\/wp\/v2\/posts\/100986\/revisions\/100987"}],"wp:attachment":[{"href":"https:\/\/acs.org.br\/academy\/wp-json\/wp\/v2\/media?parent=100986"}],"wp:term":[{"taxonomy":"category","embeddable":true,"href":"https:\/\/acs.org.br\/academy\/wp-json\/wp\/v2\/categories?post=100986"},{"taxonomy":"post_tag","embeddable":true,"href":"https:\/\/acs.org.br\/academy\/wp-json\/wp\/v2\/tags?post=100986"}],"curies":[{"name":"wp","href":"https:\/\/api.w.org\/{rel}","templated":true}]}}