{"id":100979,"date":"2021-10-18T11:09:11","date_gmt":"2021-10-18T14:09:11","guid":{"rendered":"https:\/\/acs.org.br\/antigo\/?p=100979"},"modified":"2021-10-18T11:28:18","modified_gmt":"2021-10-18T14:28:18","slug":"comercio-maritimo-inscricoes-abertas-para-o-iii-congresso-de-direito-maritimo-e-portuario","status":"publish","type":"post","link":"https:\/\/acs.org.br\/academy\/comercio-maritimo-inscricoes-abertas-para-o-iii-congresso-de-direito-maritimo-e-portuario\/","title":{"rendered":"ATUALIDADES: Inscri\u00e7\u00f5es abertas para o III Congresso de Direito Mar\u00edtimo e Portu\u00e1rio"},"content":{"rendered":"<p>Fonte: Ag\u00eancia Porto<\/p>\n<p>O terceiro Congresso de Direito Mar\u00edtimo e Portu\u00e1rio, que ir\u00e1 avaliar o passado, discutir o presente e, por ele, tra\u00e7ar estrat\u00e9gias para o Porto de Santos, est\u00e1 com inscri\u00e7\u00f5es abertas. O evento, iniciativa da Associa\u00e7\u00e3o Brasileira do Direito Mar\u00edtimo (ABDM), ser\u00e1 realizado pela Unisanta e Sistema Santa Cec\u00edlia de Comunica\u00e7\u00e3o, nos dias 4 e 5 de novembro, no Sheraton Santos Hotel.<\/p>\n<p><a href=\"http:\/\/agenciaporto.com\/inscricoes-abertas-para-o-iii-congresso-de-direito-maritimo-e-portuario\/\">LEIA MAIS&#8230;<\/a><\/p>\n<p>&nbsp;<\/p>\n","protected":false},"excerpt":{"rendered":"<p>Fonte: Ag\u00eancia Porto O terceiro Congresso de Direito Mar\u00edtimo e Portu\u00e1rio, que ir\u00e1 avaliar o passado, discutir o presente e, por ele, tra\u00e7ar estrat\u00e9gias para o Porto de Santos, est\u00e1 com inscri\u00e7\u00f5es abertas. O evento, iniciativa da Associa\u00e7\u00e3o Brasileira do Direito Mar\u00edtimo (ABDM), ser\u00e1 realizado pela Unisanta e Sistema Santa Cec\u00edlia de Comunica\u00e7\u00e3o, nos dias [&hellip;]<\/p>\n","protected":false},"author":3,"featured_media":0,"comment_status":"open","ping_status":"open","sticky":false,"template":"","format":"standard","meta":{"footnotes":""},"categories":[105],"tags":[],"_links":{"self":[{"href":"https:\/\/acs.org.br\/academy\/wp-json\/wp\/v2\/posts\/100979"}],"collection":[{"href":"https:\/\/acs.org.br\/academy\/wp-json\/wp\/v2\/posts"}],"about":[{"href":"https:\/\/acs.org.br\/academy\/wp-json\/wp\/v2\/types\/post"}],"author":[{"embeddable":true,"href":"https:\/\/acs.org.br\/academy\/wp-json\/wp\/v2\/users\/3"}],"replies":[{"embeddable":true,"href":"https:\/\/acs.org.br\/academy\/wp-json\/wp\/v2\/comments?post=100979"}],"version-history":[{"count":2,"href":"https:\/\/acs.org.br\/academy\/wp-json\/wp\/v2\/posts\/100979\/revisions"}],"predecessor-version":[{"id":100985,"href":"https:\/\/acs.org.br\/academy\/wp-json\/wp\/v2\/posts\/100979\/revisions\/100985"}],"wp:attachment":[{"href":"https:\/\/acs.org.br\/academy\/wp-json\/wp\/v2\/media?parent=100979"}],"wp:term":[{"taxonomy":"category","embeddable":true,"href":"https:\/\/acs.org.br\/academy\/wp-json\/wp\/v2\/categories?post=100979"},{"taxonomy":"post_tag","embeddable":true,"href":"https:\/\/acs.org.br\/academy\/wp-json\/wp\/v2\/tags?post=100979"}],"curies":[{"name":"wp","href":"https:\/\/api.w.org\/{rel}","templated":true}]}}