{"id":100974,"date":"2021-10-18T10:55:11","date_gmt":"2021-10-18T13:55:11","guid":{"rendered":"https:\/\/acs.org.br\/antigo\/?p=100974"},"modified":"2021-10-18T10:56:03","modified_gmt":"2021-10-18T13:56:03","slug":"economia-inss-prova-de-vida-a-partir-de-2022-sera-feita-no-mes-de-aniversario-do-segurado","status":"publish","type":"post","link":"https:\/\/acs.org.br\/academy\/economia-inss-prova-de-vida-a-partir-de-2022-sera-feita-no-mes-de-aniversario-do-segurado\/","title":{"rendered":"ECONOMIA: INSS: prova de vida a partir de 2022 ser\u00e1 feita no m\u00eas de anivers\u00e1rio do segurado"},"content":{"rendered":"<p>Fonte: G1<\/p>\n<p>Portaria do Instituto Nacional do Seguro Social (INSS) determina que a partir do ano que vem a prova de vida dever\u00e1 ser feita no m\u00eas de anivers\u00e1rio do segurado. Atualmente, os benefici\u00e1rios que n\u00e3o realizarem o procedimento at\u00e9 dezembro n\u00e3o ter\u00e3o os benef\u00edcios suspensos. Mas, a partir de 2022, a obrigatoriedade volta.<\/p>\n<p><a href=\"https:\/\/g1.globo.com\/economia\/noticia\/2021\/10\/18\/inss-prova-de-vida-a-partir-de-2022-sera-feita-no-mes-de-aniversario-do-segurado.ghtml\">LEIA MAIS&#8230;<\/a><\/p>\n<p>&nbsp;<\/p>\n","protected":false},"excerpt":{"rendered":"<p>Fonte: G1 Portaria do Instituto Nacional do Seguro Social (INSS) determina que a partir do ano que vem a prova de vida dever\u00e1 ser feita no m\u00eas de anivers\u00e1rio do segurado. Atualmente, os benefici\u00e1rios que n\u00e3o realizarem o procedimento at\u00e9 dezembro n\u00e3o ter\u00e3o os benef\u00edcios suspensos. Mas, a partir de 2022, a obrigatoriedade volta. LEIA [&hellip;]<\/p>\n","protected":false},"author":3,"featured_media":0,"comment_status":"open","ping_status":"open","sticky":false,"template":"","format":"standard","meta":{"footnotes":""},"categories":[105],"tags":[],"_links":{"self":[{"href":"https:\/\/acs.org.br\/academy\/wp-json\/wp\/v2\/posts\/100974"}],"collection":[{"href":"https:\/\/acs.org.br\/academy\/wp-json\/wp\/v2\/posts"}],"about":[{"href":"https:\/\/acs.org.br\/academy\/wp-json\/wp\/v2\/types\/post"}],"author":[{"embeddable":true,"href":"https:\/\/acs.org.br\/academy\/wp-json\/wp\/v2\/users\/3"}],"replies":[{"embeddable":true,"href":"https:\/\/acs.org.br\/academy\/wp-json\/wp\/v2\/comments?post=100974"}],"version-history":[{"count":1,"href":"https:\/\/acs.org.br\/academy\/wp-json\/wp\/v2\/posts\/100974\/revisions"}],"predecessor-version":[{"id":100975,"href":"https:\/\/acs.org.br\/academy\/wp-json\/wp\/v2\/posts\/100974\/revisions\/100975"}],"wp:attachment":[{"href":"https:\/\/acs.org.br\/academy\/wp-json\/wp\/v2\/media?parent=100974"}],"wp:term":[{"taxonomy":"category","embeddable":true,"href":"https:\/\/acs.org.br\/academy\/wp-json\/wp\/v2\/categories?post=100974"},{"taxonomy":"post_tag","embeddable":true,"href":"https:\/\/acs.org.br\/academy\/wp-json\/wp\/v2\/tags?post=100974"}],"curies":[{"name":"wp","href":"https:\/\/api.w.org\/{rel}","templated":true}]}}