{"id":100957,"date":"2021-10-18T09:21:13","date_gmt":"2021-10-18T12:21:13","guid":{"rendered":"https:\/\/acs.org.br\/antigo\/?p=100957"},"modified":"2021-10-19T09:25:17","modified_gmt":"2021-10-19T12:25:17","slug":"atualidades-pier-da-ponta-da-praia-sera-local-de-torcida-para-desfile-de-barcos-na-regata-santos-rio","status":"publish","type":"post","link":"https:\/\/acs.org.br\/academy\/atualidades-pier-da-ponta-da-praia-sera-local-de-torcida-para-desfile-de-barcos-na-regata-santos-rio\/","title":{"rendered":"ATUALIDADES: Pier da Ponta da Praia ser\u00e1 &#8216;local de torcida&#8217; para desfile de barcos na Regata Santos-Rio"},"content":{"rendered":"<p>&nbsp;<\/p>\n<p>\nA exemplo de 2020, o p\u00fablico santista ter\u00e1 o privil\u00e9gio de ver de perto os barcos que correr\u00e3o a 71\u00aa Regata Santos-Rio. A iniciativa in\u00e9dita do ano anterior repetir-se-\u00e1 em 22 de outubro, com as embarca\u00e7\u00f5es passando rente ao Pier do Pescador, na Ponta Praia.<\/p>\n<p><a href=\"https:\/\/acs.org.br\/antigo\/wp-content\/uploads\/2021\/10\/REGATA-18.pdf\">LEIA MAIS&#8230;<\/a><\/p>\n","protected":false},"excerpt":{"rendered":"<p>&nbsp; A exemplo de 2020, o p\u00fablico santista ter\u00e1 o privil\u00e9gio de ver de perto os barcos que correr\u00e3o a 71\u00aa Regata Santos-Rio. A iniciativa in\u00e9dita do ano anterior repetir-se-\u00e1 em 22 de outubro, com as embarca\u00e7\u00f5es passando rente ao Pier do Pescador, na Ponta Praia. LEIA MAIS&#8230;<\/p>\n","protected":false},"author":3,"featured_media":100958,"comment_status":"open","ping_status":"open","sticky":false,"template":"","format":"standard","meta":{"footnotes":""},"categories":[105],"tags":[],"_links":{"self":[{"href":"https:\/\/acs.org.br\/academy\/wp-json\/wp\/v2\/posts\/100957"}],"collection":[{"href":"https:\/\/acs.org.br\/academy\/wp-json\/wp\/v2\/posts"}],"about":[{"href":"https:\/\/acs.org.br\/academy\/wp-json\/wp\/v2\/types\/post"}],"author":[{"embeddable":true,"href":"https:\/\/acs.org.br\/academy\/wp-json\/wp\/v2\/users\/3"}],"replies":[{"embeddable":true,"href":"https:\/\/acs.org.br\/academy\/wp-json\/wp\/v2\/comments?post=100957"}],"version-history":[{"count":3,"href":"https:\/\/acs.org.br\/academy\/wp-json\/wp\/v2\/posts\/100957\/revisions"}],"predecessor-version":[{"id":101029,"href":"https:\/\/acs.org.br\/academy\/wp-json\/wp\/v2\/posts\/100957\/revisions\/101029"}],"wp:featuredmedia":[{"embeddable":true,"href":"https:\/\/acs.org.br\/academy\/wp-json\/wp\/v2\/media\/100958"}],"wp:attachment":[{"href":"https:\/\/acs.org.br\/academy\/wp-json\/wp\/v2\/media?parent=100957"}],"wp:term":[{"taxonomy":"category","embeddable":true,"href":"https:\/\/acs.org.br\/academy\/wp-json\/wp\/v2\/categories?post=100957"},{"taxonomy":"post_tag","embeddable":true,"href":"https:\/\/acs.org.br\/academy\/wp-json\/wp\/v2\/tags?post=100957"}],"curies":[{"name":"wp","href":"https:\/\/api.w.org\/{rel}","templated":true}]}}