{"id":100950,"date":"2021-10-15T11:32:56","date_gmt":"2021-10-15T14:32:56","guid":{"rendered":"https:\/\/acs.org.br\/antigo\/?p=100950"},"modified":"2021-10-15T11:32:56","modified_gmt":"2021-10-15T14:32:56","slug":"cafe-abic-anuncia-leilao-dos-microlotes-campeoes-do-18o-concurso-de-qualidade-do-cafe","status":"publish","type":"post","link":"https:\/\/acs.org.br\/academy\/cafe-abic-anuncia-leilao-dos-microlotes-campeoes-do-18o-concurso-de-qualidade-do-cafe\/","title":{"rendered":"CAF\u00c9: ABIC anuncia leil\u00e3o dos microlotes campe\u00f5es do 18\u00ba Concurso de Qualidade do Caf\u00e9"},"content":{"rendered":"<p>Fonte: Caf\u00e9 Point<\/p>\n<p>Ap\u00f3s a premia\u00e7\u00e3o dos produtores no 18\u00ba Concurso Nacional ABIC de Qualidade do Caf\u00e9 \u2013 Origens do Brasil \u2013 Safra 2021, realizada em 1\u00ba de outubro, a Associa\u00e7\u00e3o Brasileira da Ind\u00fastria de Caf\u00e9 (ABIC) anunciou o leil\u00e3o dos microlotes campe\u00e3o, marcado para acontecer entre os dias 26 e 28 de outubro.<\/p>\n<p><a href=\"https:\/\/www.cafepoint.com.br\/noticias\/agenda-do-produtor\/abic-anuncia-leilao-dos-microlotes-campeoes-do-18-concurso-de-qualidade-do-cafe-227652\/\">LEIA MAIS&#8230;<\/a><\/p>\n<p>&nbsp;<\/p>\n","protected":false},"excerpt":{"rendered":"<p>Fonte: Caf\u00e9 Point Ap\u00f3s a premia\u00e7\u00e3o dos produtores no 18\u00ba Concurso Nacional ABIC de Qualidade do Caf\u00e9 \u2013 Origens do Brasil \u2013 Safra 2021, realizada em 1\u00ba de outubro, a Associa\u00e7\u00e3o Brasileira da Ind\u00fastria de Caf\u00e9 (ABIC) anunciou o leil\u00e3o dos microlotes campe\u00e3o, marcado para acontecer entre os dias 26 e 28 de outubro. LEIA [&hellip;]<\/p>\n","protected":false},"author":3,"featured_media":0,"comment_status":"open","ping_status":"open","sticky":false,"template":"","format":"standard","meta":{"footnotes":""},"categories":[105],"tags":[],"_links":{"self":[{"href":"https:\/\/acs.org.br\/academy\/wp-json\/wp\/v2\/posts\/100950"}],"collection":[{"href":"https:\/\/acs.org.br\/academy\/wp-json\/wp\/v2\/posts"}],"about":[{"href":"https:\/\/acs.org.br\/academy\/wp-json\/wp\/v2\/types\/post"}],"author":[{"embeddable":true,"href":"https:\/\/acs.org.br\/academy\/wp-json\/wp\/v2\/users\/3"}],"replies":[{"embeddable":true,"href":"https:\/\/acs.org.br\/academy\/wp-json\/wp\/v2\/comments?post=100950"}],"version-history":[{"count":1,"href":"https:\/\/acs.org.br\/academy\/wp-json\/wp\/v2\/posts\/100950\/revisions"}],"predecessor-version":[{"id":100951,"href":"https:\/\/acs.org.br\/academy\/wp-json\/wp\/v2\/posts\/100950\/revisions\/100951"}],"wp:attachment":[{"href":"https:\/\/acs.org.br\/academy\/wp-json\/wp\/v2\/media?parent=100950"}],"wp:term":[{"taxonomy":"category","embeddable":true,"href":"https:\/\/acs.org.br\/academy\/wp-json\/wp\/v2\/categories?post=100950"},{"taxonomy":"post_tag","embeddable":true,"href":"https:\/\/acs.org.br\/academy\/wp-json\/wp\/v2\/tags?post=100950"}],"curies":[{"name":"wp","href":"https:\/\/api.w.org\/{rel}","templated":true}]}}