{"id":100948,"date":"2021-10-15T11:32:14","date_gmt":"2021-10-15T14:32:14","guid":{"rendered":"https:\/\/acs.org.br\/antigo\/?p=100948"},"modified":"2021-10-15T11:32:14","modified_gmt":"2021-10-15T14:32:14","slug":"cafe-preco-do-cafe-volta-a-subir-apos-cecafe-divulgar-numeros-de-exportacao-do-brasil-em-setembro","status":"publish","type":"post","link":"https:\/\/acs.org.br\/academy\/cafe-preco-do-cafe-volta-a-subir-apos-cecafe-divulgar-numeros-de-exportacao-do-brasil-em-setembro\/","title":{"rendered":"CAF\u00c9: Pre\u00e7o do caf\u00e9 volta a subir ap\u00f3s Cecaf\u00e9 divulgar n\u00fameros de exporta\u00e7\u00e3o do Brasil em setembro"},"content":{"rendered":"<p>Fonte: Caf\u00e9 Point<\/p>\n<p>O mercado futuro do caf\u00e9 ar\u00e1bica encerrou o preg\u00e3o desta quinta-feira (14) com ajustes t\u00e9cnicos para os principais contratos na Bolsa de Nova York (ICE Future US). Ap\u00f3s sess\u00f5es com expressivas movimenta\u00e7\u00f5es, o mercado teve um dia de pouca varia\u00e7\u00e3o no exterior.<\/p>\n<p><a href=\"https:\/\/www.cafepoint.com.br\/noticias\/giro-de-noticias\/preco-do-cafe-volta-a-subir-apos-cecafe-divulgar-numeros-de-exportacao-do-brasil-em-setembro-227653\/\">LEIA MAIS&#8230;<\/a><\/p>\n<p>&nbsp;<\/p>\n","protected":false},"excerpt":{"rendered":"<p>Fonte: Caf\u00e9 Point O mercado futuro do caf\u00e9 ar\u00e1bica encerrou o preg\u00e3o desta quinta-feira (14) com ajustes t\u00e9cnicos para os principais contratos na Bolsa de Nova York (ICE Future US). Ap\u00f3s sess\u00f5es com expressivas movimenta\u00e7\u00f5es, o mercado teve um dia de pouca varia\u00e7\u00e3o no exterior. LEIA MAIS&#8230; &nbsp;<\/p>\n","protected":false},"author":3,"featured_media":0,"comment_status":"open","ping_status":"open","sticky":false,"template":"","format":"standard","meta":{"footnotes":""},"categories":[105],"tags":[],"_links":{"self":[{"href":"https:\/\/acs.org.br\/academy\/wp-json\/wp\/v2\/posts\/100948"}],"collection":[{"href":"https:\/\/acs.org.br\/academy\/wp-json\/wp\/v2\/posts"}],"about":[{"href":"https:\/\/acs.org.br\/academy\/wp-json\/wp\/v2\/types\/post"}],"author":[{"embeddable":true,"href":"https:\/\/acs.org.br\/academy\/wp-json\/wp\/v2\/users\/3"}],"replies":[{"embeddable":true,"href":"https:\/\/acs.org.br\/academy\/wp-json\/wp\/v2\/comments?post=100948"}],"version-history":[{"count":1,"href":"https:\/\/acs.org.br\/academy\/wp-json\/wp\/v2\/posts\/100948\/revisions"}],"predecessor-version":[{"id":100949,"href":"https:\/\/acs.org.br\/academy\/wp-json\/wp\/v2\/posts\/100948\/revisions\/100949"}],"wp:attachment":[{"href":"https:\/\/acs.org.br\/academy\/wp-json\/wp\/v2\/media?parent=100948"}],"wp:term":[{"taxonomy":"category","embeddable":true,"href":"https:\/\/acs.org.br\/academy\/wp-json\/wp\/v2\/categories?post=100948"},{"taxonomy":"post_tag","embeddable":true,"href":"https:\/\/acs.org.br\/academy\/wp-json\/wp\/v2\/tags?post=100948"}],"curies":[{"name":"wp","href":"https:\/\/api.w.org\/{rel}","templated":true}]}}