{"id":100941,"date":"2021-10-15T11:18:07","date_gmt":"2021-10-15T14:18:07","guid":{"rendered":"https:\/\/acs.org.br\/antigo\/?p=100941"},"modified":"2021-10-15T11:18:07","modified_gmt":"2021-10-15T14:18:07","slug":"atualidades-santos-realizara-audiencias-com-moradores-para-revisao-do-plano-diretor","status":"publish","type":"post","link":"https:\/\/acs.org.br\/academy\/atualidades-santos-realizara-audiencias-com-moradores-para-revisao-do-plano-diretor\/","title":{"rendered":"ATUALIDADES: Santos realizar\u00e1 audi\u00eancias com moradores para revis\u00e3o do Plano Diretor"},"content":{"rendered":"<p>Fonte: G1 Santos<\/p>\n<p>A Prefeitura de Santos, no litoral de S\u00e3o Paulo, divulgou na \u00faltima quarta-feira (13) que realizar\u00e1 audi\u00eancias com moradores da cidade para revis\u00e3o do Plano Diretor. Os encontros est\u00e3o previstos para novembro e acontecer\u00e3o em cinco \u00e1reas no munic\u00edpio.<\/p>\n<p><a href=\"https:\/\/g1.globo.com\/sp\/santos-regiao\/noticia\/2021\/10\/14\/santos-realizara-audiencias-com-moradores-para-revisao-do-plano-diretor.ghtml\">LEIA MAIS&#8230;<\/a><\/p>\n<p>&nbsp;<\/p>\n","protected":false},"excerpt":{"rendered":"<p>Fonte: G1 Santos A Prefeitura de Santos, no litoral de S\u00e3o Paulo, divulgou na \u00faltima quarta-feira (13) que realizar\u00e1 audi\u00eancias com moradores da cidade para revis\u00e3o do Plano Diretor. Os encontros est\u00e3o previstos para novembro e acontecer\u00e3o em cinco \u00e1reas no munic\u00edpio. LEIA MAIS&#8230; &nbsp;<\/p>\n","protected":false},"author":3,"featured_media":100942,"comment_status":"open","ping_status":"open","sticky":false,"template":"","format":"standard","meta":{"footnotes":""},"categories":[105],"tags":[],"_links":{"self":[{"href":"https:\/\/acs.org.br\/academy\/wp-json\/wp\/v2\/posts\/100941"}],"collection":[{"href":"https:\/\/acs.org.br\/academy\/wp-json\/wp\/v2\/posts"}],"about":[{"href":"https:\/\/acs.org.br\/academy\/wp-json\/wp\/v2\/types\/post"}],"author":[{"embeddable":true,"href":"https:\/\/acs.org.br\/academy\/wp-json\/wp\/v2\/users\/3"}],"replies":[{"embeddable":true,"href":"https:\/\/acs.org.br\/academy\/wp-json\/wp\/v2\/comments?post=100941"}],"version-history":[{"count":1,"href":"https:\/\/acs.org.br\/academy\/wp-json\/wp\/v2\/posts\/100941\/revisions"}],"predecessor-version":[{"id":100943,"href":"https:\/\/acs.org.br\/academy\/wp-json\/wp\/v2\/posts\/100941\/revisions\/100943"}],"wp:featuredmedia":[{"embeddable":true,"href":"https:\/\/acs.org.br\/academy\/wp-json\/wp\/v2\/media\/100942"}],"wp:attachment":[{"href":"https:\/\/acs.org.br\/academy\/wp-json\/wp\/v2\/media?parent=100941"}],"wp:term":[{"taxonomy":"category","embeddable":true,"href":"https:\/\/acs.org.br\/academy\/wp-json\/wp\/v2\/categories?post=100941"},{"taxonomy":"post_tag","embeddable":true,"href":"https:\/\/acs.org.br\/academy\/wp-json\/wp\/v2\/tags?post=100941"}],"curies":[{"name":"wp","href":"https:\/\/api.w.org\/{rel}","templated":true}]}}