{"id":100938,"date":"2021-10-15T11:16:19","date_gmt":"2021-10-15T14:16:19","guid":{"rendered":"https:\/\/acs.org.br\/antigo\/?p=100938"},"modified":"2021-10-15T11:16:19","modified_gmt":"2021-10-15T14:16:19","slug":"economia-nota-fiscal-paulista-consumidores-devem-resgatar-creditos-ate-este-sabado-16","status":"publish","type":"post","link":"https:\/\/acs.org.br\/academy\/economia-nota-fiscal-paulista-consumidores-devem-resgatar-creditos-ate-este-sabado-16\/","title":{"rendered":"ECONOMIA: Nota Fiscal Paulista: consumidores devem resgatar cr\u00e9ditos at\u00e9 este s\u00e1bado (16)"},"content":{"rendered":"<p>Fonte: CNN Brasil<\/p>\n<p>Os cr\u00e9ditos da Nota Fiscal Paulista liberados h\u00e1 mais de 12 meses ser\u00e3o cancelados a partir do pr\u00f3ximo domingo (17). Com isso, os valores precisam ser resgatados pelos consumidores at\u00e9 s\u00e1bado (16) em transfer\u00eancia m\u00ednima de R$ 0,99.<\/p>\n<p><a href=\"https:\/\/www.cnnbrasil.com.br\/business\/nota-fiscal-paulista-consumidores-devem-resgatar-creditos-ate-este-sabado-16\/\">LEIA MAIS&#8230;<\/a><\/p>\n","protected":false},"excerpt":{"rendered":"<p>Fonte: CNN Brasil Os cr\u00e9ditos da Nota Fiscal Paulista liberados h\u00e1 mais de 12 meses ser\u00e3o cancelados a partir do pr\u00f3ximo domingo (17). Com isso, os valores precisam ser resgatados pelos consumidores at\u00e9 s\u00e1bado (16) em transfer\u00eancia m\u00ednima de R$ 0,99. LEIA MAIS&#8230;<\/p>\n","protected":false},"author":3,"featured_media":100939,"comment_status":"open","ping_status":"open","sticky":false,"template":"","format":"standard","meta":{"footnotes":""},"categories":[105],"tags":[],"_links":{"self":[{"href":"https:\/\/acs.org.br\/academy\/wp-json\/wp\/v2\/posts\/100938"}],"collection":[{"href":"https:\/\/acs.org.br\/academy\/wp-json\/wp\/v2\/posts"}],"about":[{"href":"https:\/\/acs.org.br\/academy\/wp-json\/wp\/v2\/types\/post"}],"author":[{"embeddable":true,"href":"https:\/\/acs.org.br\/academy\/wp-json\/wp\/v2\/users\/3"}],"replies":[{"embeddable":true,"href":"https:\/\/acs.org.br\/academy\/wp-json\/wp\/v2\/comments?post=100938"}],"version-history":[{"count":1,"href":"https:\/\/acs.org.br\/academy\/wp-json\/wp\/v2\/posts\/100938\/revisions"}],"predecessor-version":[{"id":100940,"href":"https:\/\/acs.org.br\/academy\/wp-json\/wp\/v2\/posts\/100938\/revisions\/100940"}],"wp:featuredmedia":[{"embeddable":true,"href":"https:\/\/acs.org.br\/academy\/wp-json\/wp\/v2\/media\/100939"}],"wp:attachment":[{"href":"https:\/\/acs.org.br\/academy\/wp-json\/wp\/v2\/media?parent=100938"}],"wp:term":[{"taxonomy":"category","embeddable":true,"href":"https:\/\/acs.org.br\/academy\/wp-json\/wp\/v2\/categories?post=100938"},{"taxonomy":"post_tag","embeddable":true,"href":"https:\/\/acs.org.br\/academy\/wp-json\/wp\/v2\/tags?post=100938"}],"curies":[{"name":"wp","href":"https:\/\/api.w.org\/{rel}","templated":true}]}}