{"id":100935,"date":"2021-10-15T11:11:16","date_gmt":"2021-10-15T14:11:16","guid":{"rendered":"https:\/\/acs.org.br\/antigo\/?p=100935"},"modified":"2021-10-15T11:14:02","modified_gmt":"2021-10-15T14:14:02","slug":"economia-bolsonaro-diz-que-vai-mandar-ministro-alterar-bandeira-tarifaria-para-normal-em-novembro","status":"publish","type":"post","link":"https:\/\/acs.org.br\/academy\/economia-bolsonaro-diz-que-vai-mandar-ministro-alterar-bandeira-tarifaria-para-normal-em-novembro\/","title":{"rendered":"ECONOMIA: Bolsonaro diz que vai mandar ministro alterar bandeira tarif\u00e1ria para &#8216;normal&#8217; em novembro"},"content":{"rendered":"<p>Fonte: G1<\/p>\n<p>O presidente Jair Bolsonaro afirmou nesta quinta-feira (14) que determinar\u00e1 ao ministro Bento Albuquerque, de Minas e Energia, que mude a bandeira tarif\u00e1ria da energia el\u00e9trica de &#8220;vermelha&#8221; para &#8220;normal&#8221; em novembro.<\/p>\n<p><a href=\"https:\/\/g1.globo.com\/politica\/noticia\/2021\/10\/14\/bolsonaro-diz-que-vai-mandar-ministro-alterar-bandeira-tarifaria-para-normal-em-novembro.ghtml\">LEIA MAIS&#8230;<\/a><\/p>\n<p>&nbsp;<\/p>\n","protected":false},"excerpt":{"rendered":"<p>Fonte: G1 O presidente Jair Bolsonaro afirmou nesta quinta-feira (14) que determinar\u00e1 ao ministro Bento Albuquerque, de Minas e Energia, que mude a bandeira tarif\u00e1ria da energia el\u00e9trica de &#8220;vermelha&#8221; para &#8220;normal&#8221; em novembro. LEIA MAIS&#8230; &nbsp;<\/p>\n","protected":false},"author":3,"featured_media":100937,"comment_status":"open","ping_status":"open","sticky":false,"template":"","format":"standard","meta":{"footnotes":""},"categories":[105],"tags":[],"_links":{"self":[{"href":"https:\/\/acs.org.br\/academy\/wp-json\/wp\/v2\/posts\/100935"}],"collection":[{"href":"https:\/\/acs.org.br\/academy\/wp-json\/wp\/v2\/posts"}],"about":[{"href":"https:\/\/acs.org.br\/academy\/wp-json\/wp\/v2\/types\/post"}],"author":[{"embeddable":true,"href":"https:\/\/acs.org.br\/academy\/wp-json\/wp\/v2\/users\/3"}],"replies":[{"embeddable":true,"href":"https:\/\/acs.org.br\/academy\/wp-json\/wp\/v2\/comments?post=100935"}],"version-history":[{"count":1,"href":"https:\/\/acs.org.br\/academy\/wp-json\/wp\/v2\/posts\/100935\/revisions"}],"predecessor-version":[{"id":100936,"href":"https:\/\/acs.org.br\/academy\/wp-json\/wp\/v2\/posts\/100935\/revisions\/100936"}],"wp:featuredmedia":[{"embeddable":true,"href":"https:\/\/acs.org.br\/academy\/wp-json\/wp\/v2\/media\/100937"}],"wp:attachment":[{"href":"https:\/\/acs.org.br\/academy\/wp-json\/wp\/v2\/media?parent=100935"}],"wp:term":[{"taxonomy":"category","embeddable":true,"href":"https:\/\/acs.org.br\/academy\/wp-json\/wp\/v2\/categories?post=100935"},{"taxonomy":"post_tag","embeddable":true,"href":"https:\/\/acs.org.br\/academy\/wp-json\/wp\/v2\/tags?post=100935"}],"curies":[{"name":"wp","href":"https:\/\/api.w.org\/{rel}","templated":true}]}}