{"id":100932,"date":"2021-10-15T11:09:55","date_gmt":"2021-10-15T14:09:55","guid":{"rendered":"https:\/\/acs.org.br\/antigo\/?p=100932"},"modified":"2021-10-15T11:09:55","modified_gmt":"2021-10-15T14:09:55","slug":"economia-previa-do-pib-do-banco-central-indica-retracao-de-015-em-agosto","status":"publish","type":"post","link":"https:\/\/acs.org.br\/academy\/economia-previa-do-pib-do-banco-central-indica-retracao-de-015-em-agosto\/","title":{"rendered":"ECONOMIA: &#8216;Pr\u00e9via&#8217; do PIB do Banco Central indica retra\u00e7\u00e3o de 0,15% em agosto"},"content":{"rendered":"<p>Fonte: G1<\/p>\n<p>Ap\u00f3s dois meses de alta, o n\u00edvel de atividade da economia brasileira registrou retra\u00e7\u00e3o em agosto, de acordo com informa\u00e7\u00f5es divulgadas nesta sexta-feira (15) pelo Banco Central.<\/p>\n<p><a href=\"https:\/\/g1.globo.com\/economia\/noticia\/2021\/10\/15\/previa-do-pib-do-banco-central-indica-retracao-de-015percent-em-agosto.ghtml\">LEIA MAIS&#8230;<\/a><\/p>\n<p>&nbsp;<\/p>\n","protected":false},"excerpt":{"rendered":"<p>Fonte: G1 Ap\u00f3s dois meses de alta, o n\u00edvel de atividade da economia brasileira registrou retra\u00e7\u00e3o em agosto, de acordo com informa\u00e7\u00f5es divulgadas nesta sexta-feira (15) pelo Banco Central. LEIA MAIS&#8230; &nbsp;<\/p>\n","protected":false},"author":3,"featured_media":100933,"comment_status":"open","ping_status":"open","sticky":false,"template":"","format":"standard","meta":{"footnotes":""},"categories":[105],"tags":[],"_links":{"self":[{"href":"https:\/\/acs.org.br\/academy\/wp-json\/wp\/v2\/posts\/100932"}],"collection":[{"href":"https:\/\/acs.org.br\/academy\/wp-json\/wp\/v2\/posts"}],"about":[{"href":"https:\/\/acs.org.br\/academy\/wp-json\/wp\/v2\/types\/post"}],"author":[{"embeddable":true,"href":"https:\/\/acs.org.br\/academy\/wp-json\/wp\/v2\/users\/3"}],"replies":[{"embeddable":true,"href":"https:\/\/acs.org.br\/academy\/wp-json\/wp\/v2\/comments?post=100932"}],"version-history":[{"count":1,"href":"https:\/\/acs.org.br\/academy\/wp-json\/wp\/v2\/posts\/100932\/revisions"}],"predecessor-version":[{"id":100934,"href":"https:\/\/acs.org.br\/academy\/wp-json\/wp\/v2\/posts\/100932\/revisions\/100934"}],"wp:featuredmedia":[{"embeddable":true,"href":"https:\/\/acs.org.br\/academy\/wp-json\/wp\/v2\/media\/100933"}],"wp:attachment":[{"href":"https:\/\/acs.org.br\/academy\/wp-json\/wp\/v2\/media?parent=100932"}],"wp:term":[{"taxonomy":"category","embeddable":true,"href":"https:\/\/acs.org.br\/academy\/wp-json\/wp\/v2\/categories?post=100932"},{"taxonomy":"post_tag","embeddable":true,"href":"https:\/\/acs.org.br\/academy\/wp-json\/wp\/v2\/tags?post=100932"}],"curies":[{"name":"wp","href":"https:\/\/api.w.org\/{rel}","templated":true}]}}