{"id":100926,"date":"2021-10-15T11:04:37","date_gmt":"2021-10-15T14:04:37","guid":{"rendered":"https:\/\/acs.org.br\/antigo\/?p=100926"},"modified":"2021-10-15T11:04:37","modified_gmt":"2021-10-15T14:04:37","slug":"comercio-exterior-presidente-envia-ao-congresso-ampliacao-de-acordo-mercosul-colombia","status":"publish","type":"post","link":"https:\/\/acs.org.br\/academy\/comercio-exterior-presidente-envia-ao-congresso-ampliacao-de-acordo-mercosul-colombia\/","title":{"rendered":"COM\u00c9RCIO EXTERIOR: Presidente envia ao Congresso amplia\u00e7\u00e3o de acordo Mercosul\u2013Col\u00f4mbia"},"content":{"rendered":"<p>Fonte: Ag\u00eancia Brasil<\/p>\n<p>O presidente Jair Bolsonaro encaminhou hoje (14) ao Congresso Nacional o protocolo adicional que amplia o acordo entre o Mercosul e a Col\u00f4mbia. O texto prev\u00ea a liberaliza\u00e7\u00e3o do com\u00e9rcio de servi\u00e7os e precisa ser aprovado pelos parlamentares para entrar em vigor.<\/p>\n<p><a href=\"https:\/\/agenciabrasil.ebc.com.br\/politica\/noticia\/2021-10\/presidente-envia-ao-congresso-ampliacao-de-acordo-mercosul-colombia\">LEIA MAIS&#8230;<\/a><\/p>\n<p>&nbsp;<\/p>\n","protected":false},"excerpt":{"rendered":"<p>Fonte: Ag\u00eancia Brasil O presidente Jair Bolsonaro encaminhou hoje (14) ao Congresso Nacional o protocolo adicional que amplia o acordo entre o Mercosul e a Col\u00f4mbia. O texto prev\u00ea a liberaliza\u00e7\u00e3o do com\u00e9rcio de servi\u00e7os e precisa ser aprovado pelos parlamentares para entrar em vigor. LEIA MAIS&#8230; &nbsp;<\/p>\n","protected":false},"author":3,"featured_media":0,"comment_status":"open","ping_status":"open","sticky":false,"template":"","format":"standard","meta":{"footnotes":""},"categories":[105],"tags":[],"_links":{"self":[{"href":"https:\/\/acs.org.br\/academy\/wp-json\/wp\/v2\/posts\/100926"}],"collection":[{"href":"https:\/\/acs.org.br\/academy\/wp-json\/wp\/v2\/posts"}],"about":[{"href":"https:\/\/acs.org.br\/academy\/wp-json\/wp\/v2\/types\/post"}],"author":[{"embeddable":true,"href":"https:\/\/acs.org.br\/academy\/wp-json\/wp\/v2\/users\/3"}],"replies":[{"embeddable":true,"href":"https:\/\/acs.org.br\/academy\/wp-json\/wp\/v2\/comments?post=100926"}],"version-history":[{"count":1,"href":"https:\/\/acs.org.br\/academy\/wp-json\/wp\/v2\/posts\/100926\/revisions"}],"predecessor-version":[{"id":100927,"href":"https:\/\/acs.org.br\/academy\/wp-json\/wp\/v2\/posts\/100926\/revisions\/100927"}],"wp:attachment":[{"href":"https:\/\/acs.org.br\/academy\/wp-json\/wp\/v2\/media?parent=100926"}],"wp:term":[{"taxonomy":"category","embeddable":true,"href":"https:\/\/acs.org.br\/academy\/wp-json\/wp\/v2\/categories?post=100926"},{"taxonomy":"post_tag","embeddable":true,"href":"https:\/\/acs.org.br\/academy\/wp-json\/wp\/v2\/tags?post=100926"}],"curies":[{"name":"wp","href":"https:\/\/api.w.org\/{rel}","templated":true}]}}