{"id":100915,"date":"2021-10-14T12:28:28","date_gmt":"2021-10-14T15:28:28","guid":{"rendered":"https:\/\/acs.org.br\/antigo\/?p=100915"},"modified":"2021-10-14T12:28:28","modified_gmt":"2021-10-14T15:28:28","slug":"cafe-embrapa-debate-sobre-inovacao-sustentabilidade-e-oportunidades-no-agro-em-evento-on-line","status":"publish","type":"post","link":"https:\/\/acs.org.br\/academy\/cafe-embrapa-debate-sobre-inovacao-sustentabilidade-e-oportunidades-no-agro-em-evento-on-line\/","title":{"rendered":"CAF\u00c9: Embrapa debate sobre inova\u00e7\u00e3o, sustentabilidade e oportunidades no agro em evento on-line"},"content":{"rendered":"<p>Fonte: Caf\u00e9 Point<\/p>\n<p>Lideran\u00e7as da Embrapa e de empresas com atua\u00e7\u00e3o global, como Bayer, Bosch, BRF, Corteva, Embraer, JBS, John Deere e Syngenta, al\u00e9m de representantes do Governo, se encontram no evento Arena Embrapa de Inova\u00e7\u00e3o, no dia 19 de outubro, para juntos debater sobre inova\u00e7\u00e3o no agroneg\u00f3cio, sustentabilidade e oportunidades para a economia brasileira.<\/p>\n<p><a href=\"https:\/\/www.cafepoint.com.br\/noticias\/giro-de-noticias\/embrapa-debate-sobre-inovacao-sustentabilidade-e-oportunidades-no-agro-em-evento-online-227645\/\">LEIA MAIS&#8230;<\/a><\/p>\n<p>&nbsp;<\/p>\n","protected":false},"excerpt":{"rendered":"<p>Fonte: Caf\u00e9 Point Lideran\u00e7as da Embrapa e de empresas com atua\u00e7\u00e3o global, como Bayer, Bosch, BRF, Corteva, Embraer, JBS, John Deere e Syngenta, al\u00e9m de representantes do Governo, se encontram no evento Arena Embrapa de Inova\u00e7\u00e3o, no dia 19 de outubro, para juntos debater sobre inova\u00e7\u00e3o no agroneg\u00f3cio, sustentabilidade e oportunidades para a economia brasileira. [&hellip;]<\/p>\n","protected":false},"author":3,"featured_media":0,"comment_status":"open","ping_status":"open","sticky":false,"template":"","format":"standard","meta":{"footnotes":""},"categories":[105],"tags":[],"_links":{"self":[{"href":"https:\/\/acs.org.br\/academy\/wp-json\/wp\/v2\/posts\/100915"}],"collection":[{"href":"https:\/\/acs.org.br\/academy\/wp-json\/wp\/v2\/posts"}],"about":[{"href":"https:\/\/acs.org.br\/academy\/wp-json\/wp\/v2\/types\/post"}],"author":[{"embeddable":true,"href":"https:\/\/acs.org.br\/academy\/wp-json\/wp\/v2\/users\/3"}],"replies":[{"embeddable":true,"href":"https:\/\/acs.org.br\/academy\/wp-json\/wp\/v2\/comments?post=100915"}],"version-history":[{"count":1,"href":"https:\/\/acs.org.br\/academy\/wp-json\/wp\/v2\/posts\/100915\/revisions"}],"predecessor-version":[{"id":100916,"href":"https:\/\/acs.org.br\/academy\/wp-json\/wp\/v2\/posts\/100915\/revisions\/100916"}],"wp:attachment":[{"href":"https:\/\/acs.org.br\/academy\/wp-json\/wp\/v2\/media?parent=100915"}],"wp:term":[{"taxonomy":"category","embeddable":true,"href":"https:\/\/acs.org.br\/academy\/wp-json\/wp\/v2\/categories?post=100915"},{"taxonomy":"post_tag","embeddable":true,"href":"https:\/\/acs.org.br\/academy\/wp-json\/wp\/v2\/tags?post=100915"}],"curies":[{"name":"wp","href":"https:\/\/api.w.org\/{rel}","templated":true}]}}