{"id":100910,"date":"2021-10-14T12:25:35","date_gmt":"2021-10-14T15:25:35","guid":{"rendered":"https:\/\/acs.org.br\/antigo\/?p=100910"},"modified":"2021-10-14T12:26:04","modified_gmt":"2021-10-14T15:26:04","slug":"cafe-entrave-logistico-ainda-afeta-embarque-de-cafe","status":"publish","type":"post","link":"https:\/\/acs.org.br\/academy\/cafe-entrave-logistico-ainda-afeta-embarque-de-cafe\/","title":{"rendered":"CAF\u00c9: Entrave log\u00edstico ainda afeta embarque de caf\u00e9"},"content":{"rendered":"<p>Fonte: Valor Econ\u00f4mico<\/p>\n<p>As exporta\u00e7\u00f5es brasileiras de caf\u00e9 totalizaram 3,111 milh\u00f5es de sacas de 60 quilos no m\u00eas passado, o terceiro do ano-safra 2021\/22, volume 26,5% menor que o de setembro de 2020, informou ontem o Conselho dos Exportadores de Caf\u00e9 do Brasil (Cecaf\u00e9). A receita com os embarques, por sua vez, teve uma pequena alta, de 0,5%, chegando a US$ 518,2 milh\u00f5es.<\/p>\n<p><a href=\"https:\/\/acs.org.br\/antigo\/wp-content\/uploads\/2021\/10\/CAFE-14.pdf\">LEIA MAIS&#8230;<\/a><\/p>\n","protected":false},"excerpt":{"rendered":"<p>Fonte: Valor Econ\u00f4mico As exporta\u00e7\u00f5es brasileiras de caf\u00e9 totalizaram 3,111 milh\u00f5es de sacas de 60 quilos no m\u00eas passado, o terceiro do ano-safra 2021\/22, volume 26,5% menor que o de setembro de 2020, informou ontem o Conselho dos Exportadores de Caf\u00e9 do Brasil (Cecaf\u00e9). A receita com os embarques, por sua vez, teve uma pequena [&hellip;]<\/p>\n","protected":false},"author":3,"featured_media":100912,"comment_status":"open","ping_status":"open","sticky":false,"template":"","format":"standard","meta":{"footnotes":""},"categories":[105],"tags":[],"_links":{"self":[{"href":"https:\/\/acs.org.br\/academy\/wp-json\/wp\/v2\/posts\/100910"}],"collection":[{"href":"https:\/\/acs.org.br\/academy\/wp-json\/wp\/v2\/posts"}],"about":[{"href":"https:\/\/acs.org.br\/academy\/wp-json\/wp\/v2\/types\/post"}],"author":[{"embeddable":true,"href":"https:\/\/acs.org.br\/academy\/wp-json\/wp\/v2\/users\/3"}],"replies":[{"embeddable":true,"href":"https:\/\/acs.org.br\/academy\/wp-json\/wp\/v2\/comments?post=100910"}],"version-history":[{"count":2,"href":"https:\/\/acs.org.br\/academy\/wp-json\/wp\/v2\/posts\/100910\/revisions"}],"predecessor-version":[{"id":100914,"href":"https:\/\/acs.org.br\/academy\/wp-json\/wp\/v2\/posts\/100910\/revisions\/100914"}],"wp:featuredmedia":[{"embeddable":true,"href":"https:\/\/acs.org.br\/academy\/wp-json\/wp\/v2\/media\/100912"}],"wp:attachment":[{"href":"https:\/\/acs.org.br\/academy\/wp-json\/wp\/v2\/media?parent=100910"}],"wp:term":[{"taxonomy":"category","embeddable":true,"href":"https:\/\/acs.org.br\/academy\/wp-json\/wp\/v2\/categories?post=100910"},{"taxonomy":"post_tag","embeddable":true,"href":"https:\/\/acs.org.br\/academy\/wp-json\/wp\/v2\/tags?post=100910"}],"curies":[{"name":"wp","href":"https:\/\/api.w.org\/{rel}","templated":true}]}}