{"id":100882,"date":"2021-10-14T10:58:53","date_gmt":"2021-10-14T13:58:53","guid":{"rendered":"https:\/\/acs.org.br\/antigo\/?p=100882"},"modified":"2021-10-14T10:58:53","modified_gmt":"2021-10-14T13:58:53","slug":"porto-8o-encontro-da-atp-discute-modelo-de-desestatizacao-dos-portos-brasileiros-2","status":"publish","type":"post","link":"https:\/\/acs.org.br\/academy\/porto-8o-encontro-da-atp-discute-modelo-de-desestatizacao-dos-portos-brasileiros-2\/","title":{"rendered":"PORTO: 8\u00ba Encontro da ATP discute modelo de desestatiza\u00e7\u00e3o dos portos brasileiros"},"content":{"rendered":"<p>Fonte: Ag\u00eancia Porto<\/p>\n<p>A ATP (Associa\u00e7\u00e3o de Terminais Portu\u00e1rios Privados) promove, no dia 27 de outubro, o 8\u00ba Encontro ATP, com o tema \u201cDesestatiza\u00e7\u00e3o dos Portos Organizados: Uma Vis\u00e3o do Setor Privado\u201d.<\/p>\n<p><a href=\"http:\/\/agenciaporto.com\/8o-encontro-da-atp-discute-modelo-de-desestatizacao-dos-portos-brasileiros\/\">LEIA MAIS&#8230;<\/a><\/p>\n<p>&nbsp;<\/p>\n","protected":false},"excerpt":{"rendered":"<p>Fonte: Ag\u00eancia Porto A ATP (Associa\u00e7\u00e3o de Terminais Portu\u00e1rios Privados) promove, no dia 27 de outubro, o 8\u00ba Encontro ATP, com o tema \u201cDesestatiza\u00e7\u00e3o dos Portos Organizados: Uma Vis\u00e3o do Setor Privado\u201d. LEIA MAIS&#8230; &nbsp;<\/p>\n","protected":false},"author":3,"featured_media":0,"comment_status":"open","ping_status":"open","sticky":false,"template":"","format":"standard","meta":{"footnotes":""},"categories":[105],"tags":[],"_links":{"self":[{"href":"https:\/\/acs.org.br\/academy\/wp-json\/wp\/v2\/posts\/100882"}],"collection":[{"href":"https:\/\/acs.org.br\/academy\/wp-json\/wp\/v2\/posts"}],"about":[{"href":"https:\/\/acs.org.br\/academy\/wp-json\/wp\/v2\/types\/post"}],"author":[{"embeddable":true,"href":"https:\/\/acs.org.br\/academy\/wp-json\/wp\/v2\/users\/3"}],"replies":[{"embeddable":true,"href":"https:\/\/acs.org.br\/academy\/wp-json\/wp\/v2\/comments?post=100882"}],"version-history":[{"count":1,"href":"https:\/\/acs.org.br\/academy\/wp-json\/wp\/v2\/posts\/100882\/revisions"}],"predecessor-version":[{"id":100883,"href":"https:\/\/acs.org.br\/academy\/wp-json\/wp\/v2\/posts\/100882\/revisions\/100883"}],"wp:attachment":[{"href":"https:\/\/acs.org.br\/academy\/wp-json\/wp\/v2\/media?parent=100882"}],"wp:term":[{"taxonomy":"category","embeddable":true,"href":"https:\/\/acs.org.br\/academy\/wp-json\/wp\/v2\/categories?post=100882"},{"taxonomy":"post_tag","embeddable":true,"href":"https:\/\/acs.org.br\/academy\/wp-json\/wp\/v2\/tags?post=100882"}],"curies":[{"name":"wp","href":"https:\/\/api.w.org\/{rel}","templated":true}]}}