{"id":100853,"date":"2021-10-13T10:48:35","date_gmt":"2021-10-13T13:48:35","guid":{"rendered":"https:\/\/acs.org.br\/antigo\/?p=100853"},"modified":"2021-10-13T10:48:35","modified_gmt":"2021-10-13T13:48:35","slug":"comercio-exterior-superavit-da-balanca-atinge-us-193-bilhao-ate-segunda-semana-de-outubro","status":"publish","type":"post","link":"https:\/\/acs.org.br\/academy\/comercio-exterior-superavit-da-balanca-atinge-us-193-bilhao-ate-segunda-semana-de-outubro\/","title":{"rendered":"COM\u00c9RCIO EXTERIOR: Super\u00e1vit da balan\u00e7a atinge US$ 1,93 bilh\u00e3o at\u00e9 segunda semana de outubro"},"content":{"rendered":"<p>Fonte: Ag\u00eancia Porto<\/p>\n<p>At\u00e9 a segunda semana de outubro, a balan\u00e7a comercial brasileira registrou super\u00e1vit de US$ 1,93 bilh\u00e3o, em um crescimento de 46%, pela m\u00e9dia di\u00e1ria, em rela\u00e7\u00e3o ao mesmo per\u00edodo do ano passado. A corrente de com\u00e9rcio (soma das exporta\u00e7\u00f5es e importa\u00e7\u00f5es) alcan\u00e7ou US$ 13,87 bilh\u00f5es, em alta de 49,6%.<\/p>\n<p><a href=\"http:\/\/agenciaporto.com\/superavit-da-balanca-atinge-us-193-bilhao-ate-segunda-semana-de-outubro\/\">LEIA MAIS&#8230;<\/a><\/p>\n<p>&nbsp;<\/p>\n","protected":false},"excerpt":{"rendered":"<p>Fonte: Ag\u00eancia Porto At\u00e9 a segunda semana de outubro, a balan\u00e7a comercial brasileira registrou super\u00e1vit de US$ 1,93 bilh\u00e3o, em um crescimento de 46%, pela m\u00e9dia di\u00e1ria, em rela\u00e7\u00e3o ao mesmo per\u00edodo do ano passado. A corrente de com\u00e9rcio (soma das exporta\u00e7\u00f5es e importa\u00e7\u00f5es) alcan\u00e7ou US$ 13,87 bilh\u00f5es, em alta de 49,6%. LEIA MAIS&#8230; &nbsp;<\/p>\n","protected":false},"author":3,"featured_media":0,"comment_status":"open","ping_status":"open","sticky":false,"template":"","format":"standard","meta":{"footnotes":""},"categories":[105],"tags":[],"_links":{"self":[{"href":"https:\/\/acs.org.br\/academy\/wp-json\/wp\/v2\/posts\/100853"}],"collection":[{"href":"https:\/\/acs.org.br\/academy\/wp-json\/wp\/v2\/posts"}],"about":[{"href":"https:\/\/acs.org.br\/academy\/wp-json\/wp\/v2\/types\/post"}],"author":[{"embeddable":true,"href":"https:\/\/acs.org.br\/academy\/wp-json\/wp\/v2\/users\/3"}],"replies":[{"embeddable":true,"href":"https:\/\/acs.org.br\/academy\/wp-json\/wp\/v2\/comments?post=100853"}],"version-history":[{"count":1,"href":"https:\/\/acs.org.br\/academy\/wp-json\/wp\/v2\/posts\/100853\/revisions"}],"predecessor-version":[{"id":100854,"href":"https:\/\/acs.org.br\/academy\/wp-json\/wp\/v2\/posts\/100853\/revisions\/100854"}],"wp:attachment":[{"href":"https:\/\/acs.org.br\/academy\/wp-json\/wp\/v2\/media?parent=100853"}],"wp:term":[{"taxonomy":"category","embeddable":true,"href":"https:\/\/acs.org.br\/academy\/wp-json\/wp\/v2\/categories?post=100853"},{"taxonomy":"post_tag","embeddable":true,"href":"https:\/\/acs.org.br\/academy\/wp-json\/wp\/v2\/tags?post=100853"}],"curies":[{"name":"wp","href":"https:\/\/api.w.org\/{rel}","templated":true}]}}