{"id":100851,"date":"2021-10-13T10:45:52","date_gmt":"2021-10-13T13:45:52","guid":{"rendered":"https:\/\/acs.org.br\/antigo\/?p=100851"},"modified":"2021-10-13T10:45:52","modified_gmt":"2021-10-13T13:45:52","slug":"cafe-produtores-colombianos-deixam-de-entregar-ate-um-milhao-de-sacas-de-cafe-a-compradores","status":"publish","type":"post","link":"https:\/\/acs.org.br\/academy\/cafe-produtores-colombianos-deixam-de-entregar-ate-um-milhao-de-sacas-de-cafe-a-compradores\/","title":{"rendered":"CAF\u00c9: Produtores colombianos deixam de entregar at\u00e9 um milh\u00e3o de sacas de caf\u00e9 a compradores"},"content":{"rendered":"<p>Fonte: Caf\u00e9 Point<\/p>\n<p>Os cafeicultores da Col\u00f4mbia, segundo maior produtor de ar\u00e1bica do mundo, n\u00e3o entregaram at\u00e9 um milh\u00e3o de sacas do gr\u00e3o este ano, ou quase 10% da safra do pa\u00eds, deixando exportadores, traders e torrefadores enfrentando grandes perdas, disseram fontes da ind\u00fastria \u00e0 Reuters, conforme divulgou o site Investing.<\/p>\n<p><a href=\"https:\/\/www.cafepoint.com.br\/noticias\/giro-de-noticias\/produtores-colombianos-deixam-de-entregar-ate-um-milhao-de-sacas-de-cafe-a-compradores-227608\/\">LEIA MAIS&#8230;<\/a><\/p>\n<p>&nbsp;<\/p>\n","protected":false},"excerpt":{"rendered":"<p>Fonte: Caf\u00e9 Point Os cafeicultores da Col\u00f4mbia, segundo maior produtor de ar\u00e1bica do mundo, n\u00e3o entregaram at\u00e9 um milh\u00e3o de sacas do gr\u00e3o este ano, ou quase 10% da safra do pa\u00eds, deixando exportadores, traders e torrefadores enfrentando grandes perdas, disseram fontes da ind\u00fastria \u00e0 Reuters, conforme divulgou o site Investing. LEIA MAIS&#8230; &nbsp;<\/p>\n","protected":false},"author":3,"featured_media":0,"comment_status":"open","ping_status":"open","sticky":false,"template":"","format":"standard","meta":{"footnotes":""},"categories":[105],"tags":[],"_links":{"self":[{"href":"https:\/\/acs.org.br\/academy\/wp-json\/wp\/v2\/posts\/100851"}],"collection":[{"href":"https:\/\/acs.org.br\/academy\/wp-json\/wp\/v2\/posts"}],"about":[{"href":"https:\/\/acs.org.br\/academy\/wp-json\/wp\/v2\/types\/post"}],"author":[{"embeddable":true,"href":"https:\/\/acs.org.br\/academy\/wp-json\/wp\/v2\/users\/3"}],"replies":[{"embeddable":true,"href":"https:\/\/acs.org.br\/academy\/wp-json\/wp\/v2\/comments?post=100851"}],"version-history":[{"count":1,"href":"https:\/\/acs.org.br\/academy\/wp-json\/wp\/v2\/posts\/100851\/revisions"}],"predecessor-version":[{"id":100852,"href":"https:\/\/acs.org.br\/academy\/wp-json\/wp\/v2\/posts\/100851\/revisions\/100852"}],"wp:attachment":[{"href":"https:\/\/acs.org.br\/academy\/wp-json\/wp\/v2\/media?parent=100851"}],"wp:term":[{"taxonomy":"category","embeddable":true,"href":"https:\/\/acs.org.br\/academy\/wp-json\/wp\/v2\/categories?post=100851"},{"taxonomy":"post_tag","embeddable":true,"href":"https:\/\/acs.org.br\/academy\/wp-json\/wp\/v2\/tags?post=100851"}],"curies":[{"name":"wp","href":"https:\/\/api.w.org\/{rel}","templated":true}]}}