{"id":100823,"date":"2021-10-13T09:53:00","date_gmt":"2021-10-13T12:53:00","guid":{"rendered":"https:\/\/acs.org.br\/antigo\/?p=100823"},"modified":"2021-10-13T09:53:51","modified_gmt":"2021-10-13T12:53:51","slug":"atualidades-aulas-presenciais-voltam-a-ser-obrigatorias-para-100-dos-alunos-em-sp-a-partir-de-segunda-feira","status":"publish","type":"post","link":"https:\/\/acs.org.br\/academy\/atualidades-aulas-presenciais-voltam-a-ser-obrigatorias-para-100-dos-alunos-em-sp-a-partir-de-segunda-feira\/","title":{"rendered":"ATUALIDADES: Aulas presenciais voltam a ser obrigat\u00f3rias para 100% dos alunos em SP a partir de segunda-feira"},"content":{"rendered":"<p>Aulas em escolas de SP durante a pandemia\u00a0 \u00a0 \u2014\u00a0 Foto: Werther Santana\/Estad\u00e3o Conte\u00fado<\/p>\n<p>Fonte: G1<\/p>\n<p>As aulas presenciais voltam a ser obrigat\u00f3rias na rede p\u00fablica e privada do estado de S\u00e3o Paulo a partir da pr\u00f3xima segunda-feira (18).<\/p>\n<p><a href=\"https:\/\/g1.globo.com\/sp\/sao-paulo\/noticia\/2021\/10\/13\/aulas-presenciais-voltam-a-ser-obrigatorias-na-rede-publica-e-privada-de-sp-a-partir-de-18-de-outubro.ghtml\">LEIA MAIS&#8230;<\/a><\/p>\n<p>&nbsp;<\/p>\n","protected":false},"excerpt":{"rendered":"<p>Aulas em escolas de SP durante a pandemia\u00a0 \u00a0 \u2014\u00a0 Foto: Werther Santana\/Estad\u00e3o Conte\u00fado Fonte: G1 As aulas presenciais voltam a ser obrigat\u00f3rias na rede p\u00fablica e privada do estado de S\u00e3o Paulo a partir da pr\u00f3xima segunda-feira (18). LEIA MAIS&#8230; &nbsp;<\/p>\n","protected":false},"author":3,"featured_media":100825,"comment_status":"open","ping_status":"open","sticky":false,"template":"","format":"standard","meta":{"footnotes":""},"categories":[105,1],"tags":[],"_links":{"self":[{"href":"https:\/\/acs.org.br\/academy\/wp-json\/wp\/v2\/posts\/100823"}],"collection":[{"href":"https:\/\/acs.org.br\/academy\/wp-json\/wp\/v2\/posts"}],"about":[{"href":"https:\/\/acs.org.br\/academy\/wp-json\/wp\/v2\/types\/post"}],"author":[{"embeddable":true,"href":"https:\/\/acs.org.br\/academy\/wp-json\/wp\/v2\/users\/3"}],"replies":[{"embeddable":true,"href":"https:\/\/acs.org.br\/academy\/wp-json\/wp\/v2\/comments?post=100823"}],"version-history":[{"count":2,"href":"https:\/\/acs.org.br\/academy\/wp-json\/wp\/v2\/posts\/100823\/revisions"}],"predecessor-version":[{"id":100826,"href":"https:\/\/acs.org.br\/academy\/wp-json\/wp\/v2\/posts\/100823\/revisions\/100826"}],"wp:featuredmedia":[{"embeddable":true,"href":"https:\/\/acs.org.br\/academy\/wp-json\/wp\/v2\/media\/100825"}],"wp:attachment":[{"href":"https:\/\/acs.org.br\/academy\/wp-json\/wp\/v2\/media?parent=100823"}],"wp:term":[{"taxonomy":"category","embeddable":true,"href":"https:\/\/acs.org.br\/academy\/wp-json\/wp\/v2\/categories?post=100823"},{"taxonomy":"post_tag","embeddable":true,"href":"https:\/\/acs.org.br\/academy\/wp-json\/wp\/v2\/tags?post=100823"}],"curies":[{"name":"wp","href":"https:\/\/api.w.org\/{rel}","templated":true}]}}