{"id":100814,"date":"2021-10-13T09:37:01","date_gmt":"2021-10-13T12:37:01","guid":{"rendered":"https:\/\/acs.org.br\/antigo\/?p=100814"},"modified":"2021-10-13T09:46:10","modified_gmt":"2021-10-13T12:46:10","slug":"porto-ibama-vai-notificar-dez-instalacoes","status":"publish","type":"post","link":"https:\/\/acs.org.br\/academy\/porto-ibama-vai-notificar-dez-instalacoes\/","title":{"rendered":"PORTO: Ibama vai notificar dez instala\u00e7\u00f5es"},"content":{"rendered":"<p>Fonte: A Tribuna<\/p>\n<p>O Instituto Brasileiro do Meio Ambiente e dos Recursos Naturais Renov\u00e1veis (Ibama) eftuar\u00e1 dez notifica\u00e7\u00f5es a empreendimentos portu\u00e1rios instalados no Polo Industrial de Cubat\u00e3o e no Porto de Santos, ap\u00f3s a Opera\u00e7\u00e3o Rel\u00edqua, que foi realizada entre o dia 27 do m\u00eas passado e a \u00faltima sexta-feira.<\/p>\n<p><a href=\"https:\/\/acs.org.br\/antigo\/wp-content\/uploads\/2021\/10\/IBAMA-13-2.pdf\">LEIA MAIS&#8230;<\/a><\/p>\n","protected":false},"excerpt":{"rendered":"<p>Fonte: A Tribuna O Instituto Brasileiro do Meio Ambiente e dos Recursos Naturais Renov\u00e1veis (Ibama) eftuar\u00e1 dez notifica\u00e7\u00f5es a empreendimentos portu\u00e1rios instalados no Polo Industrial de Cubat\u00e3o e no Porto de Santos, ap\u00f3s a Opera\u00e7\u00e3o Rel\u00edqua, que foi realizada entre o dia 27 do m\u00eas passado e a \u00faltima sexta-feira. LEIA MAIS&#8230;<\/p>\n","protected":false},"author":3,"featured_media":100817,"comment_status":"open","ping_status":"open","sticky":false,"template":"","format":"standard","meta":{"footnotes":""},"categories":[105],"tags":[],"_links":{"self":[{"href":"https:\/\/acs.org.br\/academy\/wp-json\/wp\/v2\/posts\/100814"}],"collection":[{"href":"https:\/\/acs.org.br\/academy\/wp-json\/wp\/v2\/posts"}],"about":[{"href":"https:\/\/acs.org.br\/academy\/wp-json\/wp\/v2\/types\/post"}],"author":[{"embeddable":true,"href":"https:\/\/acs.org.br\/academy\/wp-json\/wp\/v2\/users\/3"}],"replies":[{"embeddable":true,"href":"https:\/\/acs.org.br\/academy\/wp-json\/wp\/v2\/comments?post=100814"}],"version-history":[{"count":4,"href":"https:\/\/acs.org.br\/academy\/wp-json\/wp\/v2\/posts\/100814\/revisions"}],"predecessor-version":[{"id":100822,"href":"https:\/\/acs.org.br\/academy\/wp-json\/wp\/v2\/posts\/100814\/revisions\/100822"}],"wp:featuredmedia":[{"embeddable":true,"href":"https:\/\/acs.org.br\/academy\/wp-json\/wp\/v2\/media\/100817"}],"wp:attachment":[{"href":"https:\/\/acs.org.br\/academy\/wp-json\/wp\/v2\/media?parent=100814"}],"wp:term":[{"taxonomy":"category","embeddable":true,"href":"https:\/\/acs.org.br\/academy\/wp-json\/wp\/v2\/categories?post=100814"},{"taxonomy":"post_tag","embeddable":true,"href":"https:\/\/acs.org.br\/academy\/wp-json\/wp\/v2\/tags?post=100814"}],"curies":[{"name":"wp","href":"https:\/\/api.w.org\/{rel}","templated":true}]}}