{"id":100809,"date":"2021-10-13T09:32:29","date_gmt":"2021-10-13T12:32:29","guid":{"rendered":"https:\/\/acs.org.br\/antigo\/?p=100809"},"modified":"2021-10-13T09:32:29","modified_gmt":"2021-10-13T12:32:29","slug":"saude-covid-medicos-tem-visao-otimista","status":"publish","type":"post","link":"https:\/\/acs.org.br\/academy\/saude-covid-medicos-tem-visao-otimista\/","title":{"rendered":"SA\u00daDE: Covid: m\u00e9dicos tem vis\u00e3o otimista"},"content":{"rendered":"<p>Fonte: A Tribuna<\/p>\n<p>Os infectologistas e secret\u00e1rios municipais ouvidos por A Tribuna ontem acreditam que o avan\u00e7o da vacina\u00e7\u00e3o contra a covid-19 representou um divisor de \u00e1guas no enfrentamento da pandemia.<\/p>\n<p><a href=\"https:\/\/acs.org.br\/antigo\/wp-content\/uploads\/2021\/10\/SAUDE-13.pdf\">LEIA MAIS&#8230;<\/a><\/p>\n","protected":false},"excerpt":{"rendered":"<p>Fonte: A Tribuna Os infectologistas e secret\u00e1rios municipais ouvidos por A Tribuna ontem acreditam que o avan\u00e7o da vacina\u00e7\u00e3o contra a covid-19 representou um divisor de \u00e1guas no enfrentamento da pandemia. LEIA MAIS&#8230;<\/p>\n","protected":false},"author":3,"featured_media":0,"comment_status":"open","ping_status":"open","sticky":false,"template":"","format":"standard","meta":{"footnotes":""},"categories":[105],"tags":[],"_links":{"self":[{"href":"https:\/\/acs.org.br\/academy\/wp-json\/wp\/v2\/posts\/100809"}],"collection":[{"href":"https:\/\/acs.org.br\/academy\/wp-json\/wp\/v2\/posts"}],"about":[{"href":"https:\/\/acs.org.br\/academy\/wp-json\/wp\/v2\/types\/post"}],"author":[{"embeddable":true,"href":"https:\/\/acs.org.br\/academy\/wp-json\/wp\/v2\/users\/3"}],"replies":[{"embeddable":true,"href":"https:\/\/acs.org.br\/academy\/wp-json\/wp\/v2\/comments?post=100809"}],"version-history":[{"count":1,"href":"https:\/\/acs.org.br\/academy\/wp-json\/wp\/v2\/posts\/100809\/revisions"}],"predecessor-version":[{"id":100811,"href":"https:\/\/acs.org.br\/academy\/wp-json\/wp\/v2\/posts\/100809\/revisions\/100811"}],"wp:attachment":[{"href":"https:\/\/acs.org.br\/academy\/wp-json\/wp\/v2\/media?parent=100809"}],"wp:term":[{"taxonomy":"category","embeddable":true,"href":"https:\/\/acs.org.br\/academy\/wp-json\/wp\/v2\/categories?post=100809"},{"taxonomy":"post_tag","embeddable":true,"href":"https:\/\/acs.org.br\/academy\/wp-json\/wp\/v2\/tags?post=100809"}],"curies":[{"name":"wp","href":"https:\/\/api.w.org\/{rel}","templated":true}]}}