{"id":100807,"date":"2021-10-11T11:35:01","date_gmt":"2021-10-11T14:35:01","guid":{"rendered":"https:\/\/acs.org.br\/antigo\/?p=100807"},"modified":"2021-10-11T11:35:01","modified_gmt":"2021-10-11T14:35:01","slug":"cafe-credenciamento-aberto-para-participar-da-semana-internacional-do-cafe-2021","status":"publish","type":"post","link":"https:\/\/acs.org.br\/academy\/cafe-credenciamento-aberto-para-participar-da-semana-internacional-do-cafe-2021\/","title":{"rendered":"CAF\u00c9: Credenciamento aberto para participar da Semana Internacional do Caf\u00e9 2021"},"content":{"rendered":"<p>Fonte: Caf\u00e9 Point<\/p>\n<p>Ap\u00f3s uma edi\u00e7\u00e3o totalmente virtual realizada em 2020, por conta da pandemia de Covid-19, a Semana Internacional do Caf\u00e9 volta este ano para o Expominas, em Belo Horizonte (MG). Apesar da retomada, o evento ser\u00e1 h\u00edbrido e contar\u00e1 tamb\u00e9m com conte\u00fados disponibilizados na plataforma on-line.<\/p>\n<p><a href=\"https:\/\/www.cafepoint.com.br\/noticias\/agenda-do-produtor\/credenciamento-aberto-para-participar-da-semana-internacional-do-cafe-2021-227517\/?utm_source=email&amp;utm_medium=newsletter&amp;utm_campaign=acessos-newsletter\">LEIA MAIS&#8230;<\/a><\/p>\n<p>&nbsp;<\/p>\n","protected":false},"excerpt":{"rendered":"<p>Fonte: Caf\u00e9 Point Ap\u00f3s uma edi\u00e7\u00e3o totalmente virtual realizada em 2020, por conta da pandemia de Covid-19, a Semana Internacional do Caf\u00e9 volta este ano para o Expominas, em Belo Horizonte (MG). Apesar da retomada, o evento ser\u00e1 h\u00edbrido e contar\u00e1 tamb\u00e9m com conte\u00fados disponibilizados na plataforma on-line. LEIA MAIS&#8230; &nbsp;<\/p>\n","protected":false},"author":3,"featured_media":0,"comment_status":"open","ping_status":"open","sticky":false,"template":"","format":"standard","meta":{"footnotes":""},"categories":[105],"tags":[],"_links":{"self":[{"href":"https:\/\/acs.org.br\/academy\/wp-json\/wp\/v2\/posts\/100807"}],"collection":[{"href":"https:\/\/acs.org.br\/academy\/wp-json\/wp\/v2\/posts"}],"about":[{"href":"https:\/\/acs.org.br\/academy\/wp-json\/wp\/v2\/types\/post"}],"author":[{"embeddable":true,"href":"https:\/\/acs.org.br\/academy\/wp-json\/wp\/v2\/users\/3"}],"replies":[{"embeddable":true,"href":"https:\/\/acs.org.br\/academy\/wp-json\/wp\/v2\/comments?post=100807"}],"version-history":[{"count":1,"href":"https:\/\/acs.org.br\/academy\/wp-json\/wp\/v2\/posts\/100807\/revisions"}],"predecessor-version":[{"id":100808,"href":"https:\/\/acs.org.br\/academy\/wp-json\/wp\/v2\/posts\/100807\/revisions\/100808"}],"wp:attachment":[{"href":"https:\/\/acs.org.br\/academy\/wp-json\/wp\/v2\/media?parent=100807"}],"wp:term":[{"taxonomy":"category","embeddable":true,"href":"https:\/\/acs.org.br\/academy\/wp-json\/wp\/v2\/categories?post=100807"},{"taxonomy":"post_tag","embeddable":true,"href":"https:\/\/acs.org.br\/academy\/wp-json\/wp\/v2\/tags?post=100807"}],"curies":[{"name":"wp","href":"https:\/\/api.w.org\/{rel}","templated":true}]}}