{"id":100805,"date":"2021-10-11T11:33:15","date_gmt":"2021-10-11T14:33:15","guid":{"rendered":"https:\/\/acs.org.br\/antigo\/?p=100805"},"modified":"2021-10-11T11:33:15","modified_gmt":"2021-10-11T14:33:15","slug":"atualidades-sp-confira-o-que-abre-e-o-que-fecha-no-feriado-de-12-de-outubro","status":"publish","type":"post","link":"https:\/\/acs.org.br\/academy\/atualidades-sp-confira-o-que-abre-e-o-que-fecha-no-feriado-de-12-de-outubro\/","title":{"rendered":"ATUALIDADES: SP: confira o que abre e o que fecha no feriado de 12 de outubro"},"content":{"rendered":"<p>Fonte: Ag\u00eancia Brasil<\/p>\n<p>Em 12 de outubro, pr\u00f3xima ter\u00e7a-feira, \u00e9 celebrado o Dia de Nossa Senhora Aparecida. Por ser feriado nacional, alguns servi\u00e7os ter\u00e3o hor\u00e1rio de funcionamento alterado ou ficar\u00e3o fechados no <strong>Estado de S\u00e3o Paulo.<\/strong><\/p>\n<p><a href=\"https:\/\/agenciabrasil.ebc.com.br\/geral\/noticia\/2021-10\/confira-o-que-abre-e-o-que-o-fecha-no-feriado-de-12-de-outubro\">LEIA MAIS&#8230;<\/a><\/p>\n<p>&nbsp;<\/p>\n","protected":false},"excerpt":{"rendered":"<p>Fonte: Ag\u00eancia Brasil Em 12 de outubro, pr\u00f3xima ter\u00e7a-feira, \u00e9 celebrado o Dia de Nossa Senhora Aparecida. Por ser feriado nacional, alguns servi\u00e7os ter\u00e3o hor\u00e1rio de funcionamento alterado ou ficar\u00e3o fechados no Estado de S\u00e3o Paulo. LEIA MAIS&#8230; &nbsp;<\/p>\n","protected":false},"author":3,"featured_media":0,"comment_status":"open","ping_status":"open","sticky":false,"template":"","format":"standard","meta":{"footnotes":""},"categories":[105],"tags":[],"_links":{"self":[{"href":"https:\/\/acs.org.br\/academy\/wp-json\/wp\/v2\/posts\/100805"}],"collection":[{"href":"https:\/\/acs.org.br\/academy\/wp-json\/wp\/v2\/posts"}],"about":[{"href":"https:\/\/acs.org.br\/academy\/wp-json\/wp\/v2\/types\/post"}],"author":[{"embeddable":true,"href":"https:\/\/acs.org.br\/academy\/wp-json\/wp\/v2\/users\/3"}],"replies":[{"embeddable":true,"href":"https:\/\/acs.org.br\/academy\/wp-json\/wp\/v2\/comments?post=100805"}],"version-history":[{"count":1,"href":"https:\/\/acs.org.br\/academy\/wp-json\/wp\/v2\/posts\/100805\/revisions"}],"predecessor-version":[{"id":100806,"href":"https:\/\/acs.org.br\/academy\/wp-json\/wp\/v2\/posts\/100805\/revisions\/100806"}],"wp:attachment":[{"href":"https:\/\/acs.org.br\/academy\/wp-json\/wp\/v2\/media?parent=100805"}],"wp:term":[{"taxonomy":"category","embeddable":true,"href":"https:\/\/acs.org.br\/academy\/wp-json\/wp\/v2\/categories?post=100805"},{"taxonomy":"post_tag","embeddable":true,"href":"https:\/\/acs.org.br\/academy\/wp-json\/wp\/v2\/tags?post=100805"}],"curies":[{"name":"wp","href":"https:\/\/api.w.org\/{rel}","templated":true}]}}