{"id":100802,"date":"2021-10-11T11:23:51","date_gmt":"2021-10-11T14:23:51","guid":{"rendered":"https:\/\/acs.org.br\/antigo\/?p=100802"},"modified":"2021-10-11T11:23:51","modified_gmt":"2021-10-11T14:23:51","slug":"saude-entenda-como-a-covid-esta-afetando-criancas-e-adolescentes","status":"publish","type":"post","link":"https:\/\/acs.org.br\/academy\/saude-entenda-como-a-covid-esta-afetando-criancas-e-adolescentes\/","title":{"rendered":"SA\u00daDE: Entenda como a Covid\u00a0\u00a0est\u00e1 afetando crian\u00e7as e adolescentes"},"content":{"rendered":"<p>Fonte: CNN Brasil<\/p>\n<p>Com a variante Delta em expans\u00e3o, a flexibiliza\u00e7\u00e3o das medidas de isolamento e sendo o p\u00fablico ainda exclu\u00eddo da vacina\u00e7\u00e3o, as crian\u00e7as brasileiras est\u00e3o mais expostas \u00e0 Covid-19 agora do que no que especialistas consideram ter sido o auge da pandemia, entre mar\u00e7o e abril deste ano.<\/p>\n<p><a href=\"https:\/\/www.cnnbrasil.com.br\/saude\/entenda-como-a-covid-esta-afetando-criancas-e-adolescentes\/\">LEIA MAIS&#8230;<\/a><\/p>\n","protected":false},"excerpt":{"rendered":"<p>Fonte: CNN Brasil Com a variante Delta em expans\u00e3o, a flexibiliza\u00e7\u00e3o das medidas de isolamento e sendo o p\u00fablico ainda exclu\u00eddo da vacina\u00e7\u00e3o, as crian\u00e7as brasileiras est\u00e3o mais expostas \u00e0 Covid-19 agora do que no que especialistas consideram ter sido o auge da pandemia, entre mar\u00e7o e abril deste ano. LEIA MAIS&#8230;<\/p>\n","protected":false},"author":3,"featured_media":100803,"comment_status":"open","ping_status":"open","sticky":false,"template":"","format":"standard","meta":{"footnotes":""},"categories":[105],"tags":[],"_links":{"self":[{"href":"https:\/\/acs.org.br\/academy\/wp-json\/wp\/v2\/posts\/100802"}],"collection":[{"href":"https:\/\/acs.org.br\/academy\/wp-json\/wp\/v2\/posts"}],"about":[{"href":"https:\/\/acs.org.br\/academy\/wp-json\/wp\/v2\/types\/post"}],"author":[{"embeddable":true,"href":"https:\/\/acs.org.br\/academy\/wp-json\/wp\/v2\/users\/3"}],"replies":[{"embeddable":true,"href":"https:\/\/acs.org.br\/academy\/wp-json\/wp\/v2\/comments?post=100802"}],"version-history":[{"count":1,"href":"https:\/\/acs.org.br\/academy\/wp-json\/wp\/v2\/posts\/100802\/revisions"}],"predecessor-version":[{"id":100804,"href":"https:\/\/acs.org.br\/academy\/wp-json\/wp\/v2\/posts\/100802\/revisions\/100804"}],"wp:featuredmedia":[{"embeddable":true,"href":"https:\/\/acs.org.br\/academy\/wp-json\/wp\/v2\/media\/100803"}],"wp:attachment":[{"href":"https:\/\/acs.org.br\/academy\/wp-json\/wp\/v2\/media?parent=100802"}],"wp:term":[{"taxonomy":"category","embeddable":true,"href":"https:\/\/acs.org.br\/academy\/wp-json\/wp\/v2\/categories?post=100802"},{"taxonomy":"post_tag","embeddable":true,"href":"https:\/\/acs.org.br\/academy\/wp-json\/wp\/v2\/tags?post=100802"}],"curies":[{"name":"wp","href":"https:\/\/api.w.org\/{rel}","templated":true}]}}