{"id":100790,"date":"2021-10-11T10:57:55","date_gmt":"2021-10-11T13:57:55","guid":{"rendered":"https:\/\/acs.org.br\/antigo\/?p=100790"},"modified":"2021-10-11T10:57:55","modified_gmt":"2021-10-11T13:57:55","slug":"comercio-exterior-chamada-publica-entre-brasil-e-alemanha-seleciona-projetos-de-bioeconomia-em-quatro-estados","status":"publish","type":"post","link":"https:\/\/acs.org.br\/academy\/comercio-exterior-chamada-publica-entre-brasil-e-alemanha-seleciona-projetos-de-bioeconomia-em-quatro-estados\/","title":{"rendered":"COM\u00c9RCIO EXTERIOR: Chamada p\u00fablica entre Brasil e Alemanha seleciona projetos de bioeconomia em quatro estados"},"content":{"rendered":"<p>Fonte: Informativo dos Portos<\/p>\n<p>J\u00e1 est\u00e1 dispon\u00edvel o resultado da Chamada P\u00fablica Conjunta Brasil-Alemanha para projetos de bioeconomia. A iniciativa apoiar\u00e1 o desenvolvimento de novas solu\u00e7\u00f5es tecnol\u00f3gicas, produtos, servi\u00e7os e processos, baseados nos temas de \u201cuso industrial da biomassa\u201d e de \u201cplantas medicinais e arom\u00e1ticas\u201d, promovendo a gera\u00e7\u00e3o de conhecimentos, tecnologia e inova\u00e7\u00e3o para ganhos econ\u00f4micos, sociais e ambientais de ambos os pa\u00edses.<\/p>\n<p><a href=\"https:\/\/www.informativodosportos.com.br\/chamada-publica-entre-brasil-e-alemanha-seleciona-projetos-de-bioeconomia-em-quatro-estados\/\">LEIA MAIS&#8230;<\/a><\/p>\n","protected":false},"excerpt":{"rendered":"<p>Fonte: Informativo dos Portos J\u00e1 est\u00e1 dispon\u00edvel o resultado da Chamada P\u00fablica Conjunta Brasil-Alemanha para projetos de bioeconomia. A iniciativa apoiar\u00e1 o desenvolvimento de novas solu\u00e7\u00f5es tecnol\u00f3gicas, produtos, servi\u00e7os e processos, baseados nos temas de \u201cuso industrial da biomassa\u201d e de \u201cplantas medicinais e arom\u00e1ticas\u201d, promovendo a gera\u00e7\u00e3o de conhecimentos, tecnologia e inova\u00e7\u00e3o para ganhos [&hellip;]<\/p>\n","protected":false},"author":3,"featured_media":100791,"comment_status":"open","ping_status":"open","sticky":false,"template":"","format":"standard","meta":{"footnotes":""},"categories":[105],"tags":[],"_links":{"self":[{"href":"https:\/\/acs.org.br\/academy\/wp-json\/wp\/v2\/posts\/100790"}],"collection":[{"href":"https:\/\/acs.org.br\/academy\/wp-json\/wp\/v2\/posts"}],"about":[{"href":"https:\/\/acs.org.br\/academy\/wp-json\/wp\/v2\/types\/post"}],"author":[{"embeddable":true,"href":"https:\/\/acs.org.br\/academy\/wp-json\/wp\/v2\/users\/3"}],"replies":[{"embeddable":true,"href":"https:\/\/acs.org.br\/academy\/wp-json\/wp\/v2\/comments?post=100790"}],"version-history":[{"count":1,"href":"https:\/\/acs.org.br\/academy\/wp-json\/wp\/v2\/posts\/100790\/revisions"}],"predecessor-version":[{"id":100792,"href":"https:\/\/acs.org.br\/academy\/wp-json\/wp\/v2\/posts\/100790\/revisions\/100792"}],"wp:featuredmedia":[{"embeddable":true,"href":"https:\/\/acs.org.br\/academy\/wp-json\/wp\/v2\/media\/100791"}],"wp:attachment":[{"href":"https:\/\/acs.org.br\/academy\/wp-json\/wp\/v2\/media?parent=100790"}],"wp:term":[{"taxonomy":"category","embeddable":true,"href":"https:\/\/acs.org.br\/academy\/wp-json\/wp\/v2\/categories?post=100790"},{"taxonomy":"post_tag","embeddable":true,"href":"https:\/\/acs.org.br\/academy\/wp-json\/wp\/v2\/tags?post=100790"}],"curies":[{"name":"wp","href":"https:\/\/api.w.org\/{rel}","templated":true}]}}