{"id":100785,"date":"2021-10-11T10:46:20","date_gmt":"2021-10-11T13:46:20","guid":{"rendered":"https:\/\/acs.org.br\/antigo\/?p=100785"},"modified":"2021-10-11T10:46:20","modified_gmt":"2021-10-11T13:46:20","slug":"economia-valorizacao-do-metro-quadrado-mantem-santos-na-dianteira","status":"publish","type":"post","link":"https:\/\/acs.org.br\/academy\/economia-valorizacao-do-metro-quadrado-mantem-santos-na-dianteira\/","title":{"rendered":"ECONOMIA: Valoriza\u00e7\u00e3o do Metro Quadrado mant\u00e9m Santos na dianteira"},"content":{"rendered":"<p>Fonte: A Tribuna<\/p>\n<p>O pre\u00e7o m\u00e9dio do metro quadrado em Santos \u00e9 cerca de 30% maior do que em Guaruj\u00e1, que possui o segundo valor mais caro entre as quatro cidades pesquisadas em um estudo sobre o mercado imobili\u00e1rio feito a pedido do Sindicato da Habita\u00e7\u00e3o Secovi-SP) pela Brain Intelig\u00eancia Estrat\u00e9gica \u2013 e obtido com exclusividade por A Tribuna.<\/p>\n<p><a href=\"https:\/\/acs.org.br\/antigo\/wp-content\/uploads\/2021\/10\/CONSTRUCAO-04-copia.pdf\">LEIA MAIS&#8230;<\/a><\/p>\n","protected":false},"excerpt":{"rendered":"<p>Fonte: A Tribuna O pre\u00e7o m\u00e9dio do metro quadrado em Santos \u00e9 cerca de 30% maior do que em Guaruj\u00e1, que possui o segundo valor mais caro entre as quatro cidades pesquisadas em um estudo sobre o mercado imobili\u00e1rio feito a pedido do Sindicato da Habita\u00e7\u00e3o Secovi-SP) pela Brain Intelig\u00eancia Estrat\u00e9gica \u2013 e obtido com [&hellip;]<\/p>\n","protected":false},"author":3,"featured_media":0,"comment_status":"open","ping_status":"open","sticky":false,"template":"","format":"standard","meta":{"footnotes":""},"categories":[105],"tags":[],"_links":{"self":[{"href":"https:\/\/acs.org.br\/academy\/wp-json\/wp\/v2\/posts\/100785"}],"collection":[{"href":"https:\/\/acs.org.br\/academy\/wp-json\/wp\/v2\/posts"}],"about":[{"href":"https:\/\/acs.org.br\/academy\/wp-json\/wp\/v2\/types\/post"}],"author":[{"embeddable":true,"href":"https:\/\/acs.org.br\/academy\/wp-json\/wp\/v2\/users\/3"}],"replies":[{"embeddable":true,"href":"https:\/\/acs.org.br\/academy\/wp-json\/wp\/v2\/comments?post=100785"}],"version-history":[{"count":1,"href":"https:\/\/acs.org.br\/academy\/wp-json\/wp\/v2\/posts\/100785\/revisions"}],"predecessor-version":[{"id":100787,"href":"https:\/\/acs.org.br\/academy\/wp-json\/wp\/v2\/posts\/100785\/revisions\/100787"}],"wp:attachment":[{"href":"https:\/\/acs.org.br\/academy\/wp-json\/wp\/v2\/media?parent=100785"}],"wp:term":[{"taxonomy":"category","embeddable":true,"href":"https:\/\/acs.org.br\/academy\/wp-json\/wp\/v2\/categories?post=100785"},{"taxonomy":"post_tag","embeddable":true,"href":"https:\/\/acs.org.br\/academy\/wp-json\/wp\/v2\/tags?post=100785"}],"curies":[{"name":"wp","href":"https:\/\/api.w.org\/{rel}","templated":true}]}}