{"id":100773,"date":"2021-10-11T10:28:24","date_gmt":"2021-10-11T13:28:24","guid":{"rendered":"https:\/\/acs.org.br\/antigo\/?p=100773"},"modified":"2021-10-11T10:28:24","modified_gmt":"2021-10-11T13:28:24","slug":"porto-costa-e-msc-confirmam-cruzeiros","status":"publish","type":"post","link":"https:\/\/acs.org.br\/academy\/porto-costa-e-msc-confirmam-cruzeiros\/","title":{"rendered":"PORTO: Costa e MSC confirmam cruzeiros"},"content":{"rendered":"<p>Fonte: A Tribuna<\/p>\n<p>As armadoras Costa Cruzeiros e MSC confirmaram a realiza\u00e7\u00e3o de cruzeiros mar\u00edtimos a partir do Porto de Santos nesta temporada, ap\u00f3s o Governo Federal aprovar o retorno da atividade na costa brasileira.<\/p>\n<p><a href=\"https:\/\/acs.org.br\/antigo\/wp-content\/uploads\/2021\/10\/COSTA-04-1-copia.pdf\">LEIA MAIS&#8230;<\/a><\/p>\n","protected":false},"excerpt":{"rendered":"<p>Fonte: A Tribuna As armadoras Costa Cruzeiros e MSC confirmaram a realiza\u00e7\u00e3o de cruzeiros mar\u00edtimos a partir do Porto de Santos nesta temporada, ap\u00f3s o Governo Federal aprovar o retorno da atividade na costa brasileira. LEIA MAIS&#8230;<\/p>\n","protected":false},"author":3,"featured_media":100775,"comment_status":"open","ping_status":"open","sticky":false,"template":"","format":"standard","meta":{"footnotes":""},"categories":[105],"tags":[],"_links":{"self":[{"href":"https:\/\/acs.org.br\/academy\/wp-json\/wp\/v2\/posts\/100773"}],"collection":[{"href":"https:\/\/acs.org.br\/academy\/wp-json\/wp\/v2\/posts"}],"about":[{"href":"https:\/\/acs.org.br\/academy\/wp-json\/wp\/v2\/types\/post"}],"author":[{"embeddable":true,"href":"https:\/\/acs.org.br\/academy\/wp-json\/wp\/v2\/users\/3"}],"replies":[{"embeddable":true,"href":"https:\/\/acs.org.br\/academy\/wp-json\/wp\/v2\/comments?post=100773"}],"version-history":[{"count":1,"href":"https:\/\/acs.org.br\/academy\/wp-json\/wp\/v2\/posts\/100773\/revisions"}],"predecessor-version":[{"id":100776,"href":"https:\/\/acs.org.br\/academy\/wp-json\/wp\/v2\/posts\/100773\/revisions\/100776"}],"wp:featuredmedia":[{"embeddable":true,"href":"https:\/\/acs.org.br\/academy\/wp-json\/wp\/v2\/media\/100775"}],"wp:attachment":[{"href":"https:\/\/acs.org.br\/academy\/wp-json\/wp\/v2\/media?parent=100773"}],"wp:term":[{"taxonomy":"category","embeddable":true,"href":"https:\/\/acs.org.br\/academy\/wp-json\/wp\/v2\/categories?post=100773"},{"taxonomy":"post_tag","embeddable":true,"href":"https:\/\/acs.org.br\/academy\/wp-json\/wp\/v2\/tags?post=100773"}],"curies":[{"name":"wp","href":"https:\/\/api.w.org\/{rel}","templated":true}]}}