{"id":100769,"date":"2021-10-08T12:23:31","date_gmt":"2021-10-08T15:23:31","guid":{"rendered":"https:\/\/acs.org.br\/antigo\/?p=100769"},"modified":"2021-10-08T12:29:17","modified_gmt":"2021-10-08T15:29:17","slug":"cafe-com-entrave-logistico-9-mil-toneladas-de-cafe-especiais-sao-exportados-por-aviao-para-londres","status":"publish","type":"post","link":"https:\/\/acs.org.br\/academy\/cafe-com-entrave-logistico-9-mil-toneladas-de-cafe-especiais-sao-exportados-por-aviao-para-londres\/","title":{"rendered":"CAF\u00c9: Com entrave log\u00edstico 9 mil toneladas de caf\u00e9 especiais, s\u00e3o exportados por avi\u00e3o para Londres"},"content":{"rendered":"<p>Fonte: Revista Cafeicultura<\/p>\n<p>Tentando driblar os entraves log\u00edsticos que atingem toda a cadeia produtiva do pa\u00eds, o grupo Labareda Agropecu\u00e1ria exportou, via transporte a\u00e9reo, 9 mil toneladas de caf\u00e9 especial com destino final em Londres. Fl\u00e1via Lancha, vice-presidente do Caf\u00e9 Labareda e do Grupo Agropecu\u00e1rio Labareda, diz que essa foi a forma que o importador encontrou para n\u00e3o ficar sem a mercadoria.<\/p>\n<p><a href=\"https:\/\/revistacafeicultura.com.br\/index.php?tipo=ler&amp;mat=71153&amp;com-entrave-log--stico-9-mil-toneladas-de-caf---especiais--s--o-exportados-por-avi--o-para-londres.html\">LEIA MAIS&#8230;<\/a><\/p>\n<p>&nbsp;<\/p>\n","protected":false},"excerpt":{"rendered":"<p>Fonte: Revista Cafeicultura Tentando driblar os entraves log\u00edsticos que atingem toda a cadeia produtiva do pa\u00eds, o grupo Labareda Agropecu\u00e1ria exportou, via transporte a\u00e9reo, 9 mil toneladas de caf\u00e9 especial com destino final em Londres. Fl\u00e1via Lancha, vice-presidente do Caf\u00e9 Labareda e do Grupo Agropecu\u00e1rio Labareda, diz que essa foi a forma que o importador [&hellip;]<\/p>\n","protected":false},"author":3,"featured_media":100770,"comment_status":"open","ping_status":"open","sticky":false,"template":"","format":"standard","meta":{"footnotes":""},"categories":[105],"tags":[],"_links":{"self":[{"href":"https:\/\/acs.org.br\/academy\/wp-json\/wp\/v2\/posts\/100769"}],"collection":[{"href":"https:\/\/acs.org.br\/academy\/wp-json\/wp\/v2\/posts"}],"about":[{"href":"https:\/\/acs.org.br\/academy\/wp-json\/wp\/v2\/types\/post"}],"author":[{"embeddable":true,"href":"https:\/\/acs.org.br\/academy\/wp-json\/wp\/v2\/users\/3"}],"replies":[{"embeddable":true,"href":"https:\/\/acs.org.br\/academy\/wp-json\/wp\/v2\/comments?post=100769"}],"version-history":[{"count":1,"href":"https:\/\/acs.org.br\/academy\/wp-json\/wp\/v2\/posts\/100769\/revisions"}],"predecessor-version":[{"id":100771,"href":"https:\/\/acs.org.br\/academy\/wp-json\/wp\/v2\/posts\/100769\/revisions\/100771"}],"wp:featuredmedia":[{"embeddable":true,"href":"https:\/\/acs.org.br\/academy\/wp-json\/wp\/v2\/media\/100770"}],"wp:attachment":[{"href":"https:\/\/acs.org.br\/academy\/wp-json\/wp\/v2\/media?parent=100769"}],"wp:term":[{"taxonomy":"category","embeddable":true,"href":"https:\/\/acs.org.br\/academy\/wp-json\/wp\/v2\/categories?post=100769"},{"taxonomy":"post_tag","embeddable":true,"href":"https:\/\/acs.org.br\/academy\/wp-json\/wp\/v2\/tags?post=100769"}],"curies":[{"name":"wp","href":"https:\/\/api.w.org\/{rel}","templated":true}]}}