{"id":100767,"date":"2021-10-08T12:22:31","date_gmt":"2021-10-08T15:22:31","guid":{"rendered":"https:\/\/acs.org.br\/antigo\/?p=100767"},"modified":"2021-10-08T12:22:31","modified_gmt":"2021-10-08T15:22:31","slug":"cafe-oic-consumo-mundial-de-cafe-cresce-mais-do-que-a-producao-no-ano-safra-2020-2021","status":"publish","type":"post","link":"https:\/\/acs.org.br\/academy\/cafe-oic-consumo-mundial-de-cafe-cresce-mais-do-que-a-producao-no-ano-safra-2020-2021\/","title":{"rendered":"CAF\u00c9: OIC: Consumo mundial de caf\u00e9 cresce mais do que a produ\u00e7\u00e3o no ano-safra 2020\/2021"},"content":{"rendered":"<p>Fonte: Caf\u00e9 Point<\/p>\n<p>A produ\u00e7\u00e3o global de caf\u00e9 no ano-safra 2020\/2021 (outubro-setembro) totalizou 169,644 milh\u00f5es de sacas de 60 kg, alta de 0,4% na compara\u00e7\u00e3o com 2019\/2020 (168,980 milh\u00f5es de sacas), disse a Organiza\u00e7\u00e3o Internacional do Caf\u00e9 (OIC) na quinta-feira (7), em seu relat\u00f3rio mensal de acompanhamento do mercado, mantendo a estimativa de setembro.<\/p>\n<p><a href=\"https:\/\/www.cafepoint.com.br\/noticias\/giro-de-noticias\/oic-consumo-mundial-de-cafe-cresce-mais-do-que-a-producao-no-anosafra-20202021-227586\/\">LEIA MAIS&#8230;<\/a><\/p>\n<p>&nbsp;<\/p>\n","protected":false},"excerpt":{"rendered":"<p>Fonte: Caf\u00e9 Point A produ\u00e7\u00e3o global de caf\u00e9 no ano-safra 2020\/2021 (outubro-setembro) totalizou 169,644 milh\u00f5es de sacas de 60 kg, alta de 0,4% na compara\u00e7\u00e3o com 2019\/2020 (168,980 milh\u00f5es de sacas), disse a Organiza\u00e7\u00e3o Internacional do Caf\u00e9 (OIC) na quinta-feira (7), em seu relat\u00f3rio mensal de acompanhamento do mercado, mantendo a estimativa de setembro. LEIA [&hellip;]<\/p>\n","protected":false},"author":3,"featured_media":0,"comment_status":"open","ping_status":"open","sticky":false,"template":"","format":"standard","meta":{"footnotes":""},"categories":[105],"tags":[],"_links":{"self":[{"href":"https:\/\/acs.org.br\/academy\/wp-json\/wp\/v2\/posts\/100767"}],"collection":[{"href":"https:\/\/acs.org.br\/academy\/wp-json\/wp\/v2\/posts"}],"about":[{"href":"https:\/\/acs.org.br\/academy\/wp-json\/wp\/v2\/types\/post"}],"author":[{"embeddable":true,"href":"https:\/\/acs.org.br\/academy\/wp-json\/wp\/v2\/users\/3"}],"replies":[{"embeddable":true,"href":"https:\/\/acs.org.br\/academy\/wp-json\/wp\/v2\/comments?post=100767"}],"version-history":[{"count":1,"href":"https:\/\/acs.org.br\/academy\/wp-json\/wp\/v2\/posts\/100767\/revisions"}],"predecessor-version":[{"id":100768,"href":"https:\/\/acs.org.br\/academy\/wp-json\/wp\/v2\/posts\/100767\/revisions\/100768"}],"wp:attachment":[{"href":"https:\/\/acs.org.br\/academy\/wp-json\/wp\/v2\/media?parent=100767"}],"wp:term":[{"taxonomy":"category","embeddable":true,"href":"https:\/\/acs.org.br\/academy\/wp-json\/wp\/v2\/categories?post=100767"},{"taxonomy":"post_tag","embeddable":true,"href":"https:\/\/acs.org.br\/academy\/wp-json\/wp\/v2\/tags?post=100767"}],"curies":[{"name":"wp","href":"https:\/\/api.w.org\/{rel}","templated":true}]}}