{"id":100763,"date":"2021-10-08T12:05:47","date_gmt":"2021-10-08T15:05:47","guid":{"rendered":"https:\/\/acs.org.br\/antigo\/?p=100763"},"modified":"2021-10-08T12:13:32","modified_gmt":"2021-10-08T15:13:32","slug":"economia-febraban-sai-dos-bastidores-para-enfrentar-novo-cenario-do-setor","status":"publish","type":"post","link":"https:\/\/acs.org.br\/academy\/economia-febraban-sai-dos-bastidores-para-enfrentar-novo-cenario-do-setor\/","title":{"rendered":"ECONOMIA: Febraban sai dos bastidores para enfrentar novo cen\u00e1rio do setor"},"content":{"rendered":"<p>Fonte: Valor Econ\u00f4mico<\/p>\n<p>A Federa\u00e7\u00e3o Brasileira de Bancos (Febraban) deixou de lado sua habitual discri\u00e7\u00e3o e foi para os holofotes nos \u00faltimos meses. No epis\u00f3dio mais recente, deflagrou pelas redes sociais um debate com a Zetta, associa\u00e7\u00e3o de fintechs de peso, como Nubank e Mercado Pago. Semanas antes, ganhou as manchetes por causa da ades\u00e3o a um manifesto que pregava a pacifica\u00e7\u00e3o entre os Poderes, num recado claro ao tom beligerante que o presidente Jair Bolsonaro vinha adotando.<\/p>\n<p><a href=\"https:\/\/acs.org.br\/antigo\/wp-content\/uploads\/2021\/10\/BANCOS-09.pdf\">LEIA MAIS&#8230;<\/a><\/p>\n","protected":false},"excerpt":{"rendered":"<p>Fonte: Valor Econ\u00f4mico A Federa\u00e7\u00e3o Brasileira de Bancos (Febraban) deixou de lado sua habitual discri\u00e7\u00e3o e foi para os holofotes nos \u00faltimos meses. No epis\u00f3dio mais recente, deflagrou pelas redes sociais um debate com a Zetta, associa\u00e7\u00e3o de fintechs de peso, como Nubank e Mercado Pago. Semanas antes, ganhou as manchetes por causa da ades\u00e3o [&hellip;]<\/p>\n","protected":false},"author":3,"featured_media":100766,"comment_status":"open","ping_status":"open","sticky":false,"template":"","format":"standard","meta":{"footnotes":""},"categories":[105],"tags":[],"_links":{"self":[{"href":"https:\/\/acs.org.br\/academy\/wp-json\/wp\/v2\/posts\/100763"}],"collection":[{"href":"https:\/\/acs.org.br\/academy\/wp-json\/wp\/v2\/posts"}],"about":[{"href":"https:\/\/acs.org.br\/academy\/wp-json\/wp\/v2\/types\/post"}],"author":[{"embeddable":true,"href":"https:\/\/acs.org.br\/academy\/wp-json\/wp\/v2\/users\/3"}],"replies":[{"embeddable":true,"href":"https:\/\/acs.org.br\/academy\/wp-json\/wp\/v2\/comments?post=100763"}],"version-history":[{"count":1,"href":"https:\/\/acs.org.br\/academy\/wp-json\/wp\/v2\/posts\/100763\/revisions"}],"predecessor-version":[{"id":100765,"href":"https:\/\/acs.org.br\/academy\/wp-json\/wp\/v2\/posts\/100763\/revisions\/100765"}],"wp:featuredmedia":[{"embeddable":true,"href":"https:\/\/acs.org.br\/academy\/wp-json\/wp\/v2\/media\/100766"}],"wp:attachment":[{"href":"https:\/\/acs.org.br\/academy\/wp-json\/wp\/v2\/media?parent=100763"}],"wp:term":[{"taxonomy":"category","embeddable":true,"href":"https:\/\/acs.org.br\/academy\/wp-json\/wp\/v2\/categories?post=100763"},{"taxonomy":"post_tag","embeddable":true,"href":"https:\/\/acs.org.br\/academy\/wp-json\/wp\/v2\/tags?post=100763"}],"curies":[{"name":"wp","href":"https:\/\/api.w.org\/{rel}","templated":true}]}}