{"id":100760,"date":"2021-10-08T11:49:21","date_gmt":"2021-10-08T14:49:21","guid":{"rendered":"https:\/\/acs.org.br\/antigo\/?p=100760"},"modified":"2021-10-08T11:49:21","modified_gmt":"2021-10-08T14:49:21","slug":"economia-ipca-inflacao-oficial-fica-em-116-em-setembro-e-atinge-1025-em-12-meses","status":"publish","type":"post","link":"https:\/\/acs.org.br\/academy\/economia-ipca-inflacao-oficial-fica-em-116-em-setembro-e-atinge-1025-em-12-meses\/","title":{"rendered":"ECONOMIA: IPCA: infla\u00e7\u00e3o oficial fica em 1,16% em setembro e atinge 10,25% em 12 meses"},"content":{"rendered":"<p>Fonte: G1<\/p>\n<p>A infla\u00e7\u00e3o calculada pelo \u00cdndice Nacional de Pre\u00e7os ao Consumidor Amplo (IPCA), considerada a infla\u00e7\u00e3o oficial do pa\u00eds, acelerou de 0,87% em agosto para 1,16% em setembro, segundo dados divulgados nesta sexta-feira (8) pelo Instituto Brasileiro de Geografia e Estat\u00edstica (IBGE).<\/p>\n<p><a href=\"https:\/\/g1.globo.com\/economia\/noticia\/2021\/10\/08\/ipca-inflacao-oficial-fica-em-116percent-em-setembro.ghtml\">LEIA MAIS&#8230;<\/a><\/p>\n<p>&nbsp;<\/p>\n","protected":false},"excerpt":{"rendered":"<p>Fonte: G1 A infla\u00e7\u00e3o calculada pelo \u00cdndice Nacional de Pre\u00e7os ao Consumidor Amplo (IPCA), considerada a infla\u00e7\u00e3o oficial do pa\u00eds, acelerou de 0,87% em agosto para 1,16% em setembro, segundo dados divulgados nesta sexta-feira (8) pelo Instituto Brasileiro de Geografia e Estat\u00edstica (IBGE). LEIA MAIS&#8230; &nbsp;<\/p>\n","protected":false},"author":3,"featured_media":100761,"comment_status":"open","ping_status":"open","sticky":false,"template":"","format":"standard","meta":{"footnotes":""},"categories":[105],"tags":[],"_links":{"self":[{"href":"https:\/\/acs.org.br\/academy\/wp-json\/wp\/v2\/posts\/100760"}],"collection":[{"href":"https:\/\/acs.org.br\/academy\/wp-json\/wp\/v2\/posts"}],"about":[{"href":"https:\/\/acs.org.br\/academy\/wp-json\/wp\/v2\/types\/post"}],"author":[{"embeddable":true,"href":"https:\/\/acs.org.br\/academy\/wp-json\/wp\/v2\/users\/3"}],"replies":[{"embeddable":true,"href":"https:\/\/acs.org.br\/academy\/wp-json\/wp\/v2\/comments?post=100760"}],"version-history":[{"count":1,"href":"https:\/\/acs.org.br\/academy\/wp-json\/wp\/v2\/posts\/100760\/revisions"}],"predecessor-version":[{"id":100762,"href":"https:\/\/acs.org.br\/academy\/wp-json\/wp\/v2\/posts\/100760\/revisions\/100762"}],"wp:featuredmedia":[{"embeddable":true,"href":"https:\/\/acs.org.br\/academy\/wp-json\/wp\/v2\/media\/100761"}],"wp:attachment":[{"href":"https:\/\/acs.org.br\/academy\/wp-json\/wp\/v2\/media?parent=100760"}],"wp:term":[{"taxonomy":"category","embeddable":true,"href":"https:\/\/acs.org.br\/academy\/wp-json\/wp\/v2\/categories?post=100760"},{"taxonomy":"post_tag","embeddable":true,"href":"https:\/\/acs.org.br\/academy\/wp-json\/wp\/v2\/tags?post=100760"}],"curies":[{"name":"wp","href":"https:\/\/api.w.org\/{rel}","templated":true}]}}