{"id":100756,"date":"2021-10-08T11:33:51","date_gmt":"2021-10-08T14:33:51","guid":{"rendered":"https:\/\/acs.org.br\/antigo\/?p=100756"},"modified":"2021-10-08T11:33:51","modified_gmt":"2021-10-08T14:33:51","slug":"infraestrutura-projetos-classificados-como-prioritarios-preveem-investimentos-de-r-22-bilhoes-em-infraestrutura","status":"publish","type":"post","link":"https:\/\/acs.org.br\/academy\/infraestrutura-projetos-classificados-como-prioritarios-preveem-investimentos-de-r-22-bilhoes-em-infraestrutura\/","title":{"rendered":"INFRAESTRUTURA: Projetos classificados como priorit\u00e1rios preveem investimentos de R$ 2,2 bilh\u00f5es em infraestrutura"},"content":{"rendered":"<p>Fonte: Ag\u00eancia Porto<\/p>\n<p>O Governo Federal, por meio do Minist\u00e9rio da Infraestrutura, classificou em setembro como priorit\u00e1rios cinco projetos de infraestrutura de transportes para o recebimento de incentivos fiscais. S\u00e3o tr\u00eas no setor rodovi\u00e1rio, um no ferrovi\u00e1rio e outro no ferrovi\u00e1rio. Juntos, eles chegam a R$ 2,184 bilh\u00f5es em investimentos privados.<\/p>\n<p><a href=\"http:\/\/agenciaporto.com\/projetos-classificados-como-prioritarios-preveem-investimentos-de-r-22-bilhoes-em-infraestrutura\/\">LEIA MAIS&#8230;<\/a><\/p>\n<p>&nbsp;<\/p>\n","protected":false},"excerpt":{"rendered":"<p>Fonte: Ag\u00eancia Porto O Governo Federal, por meio do Minist\u00e9rio da Infraestrutura, classificou em setembro como priorit\u00e1rios cinco projetos de infraestrutura de transportes para o recebimento de incentivos fiscais. S\u00e3o tr\u00eas no setor rodovi\u00e1rio, um no ferrovi\u00e1rio e outro no ferrovi\u00e1rio. Juntos, eles chegam a R$ 2,184 bilh\u00f5es em investimentos privados. LEIA MAIS&#8230; &nbsp;<\/p>\n","protected":false},"author":3,"featured_media":0,"comment_status":"open","ping_status":"open","sticky":false,"template":"","format":"standard","meta":{"footnotes":""},"categories":[105],"tags":[],"_links":{"self":[{"href":"https:\/\/acs.org.br\/academy\/wp-json\/wp\/v2\/posts\/100756"}],"collection":[{"href":"https:\/\/acs.org.br\/academy\/wp-json\/wp\/v2\/posts"}],"about":[{"href":"https:\/\/acs.org.br\/academy\/wp-json\/wp\/v2\/types\/post"}],"author":[{"embeddable":true,"href":"https:\/\/acs.org.br\/academy\/wp-json\/wp\/v2\/users\/3"}],"replies":[{"embeddable":true,"href":"https:\/\/acs.org.br\/academy\/wp-json\/wp\/v2\/comments?post=100756"}],"version-history":[{"count":1,"href":"https:\/\/acs.org.br\/academy\/wp-json\/wp\/v2\/posts\/100756\/revisions"}],"predecessor-version":[{"id":100757,"href":"https:\/\/acs.org.br\/academy\/wp-json\/wp\/v2\/posts\/100756\/revisions\/100757"}],"wp:attachment":[{"href":"https:\/\/acs.org.br\/academy\/wp-json\/wp\/v2\/media?parent=100756"}],"wp:term":[{"taxonomy":"category","embeddable":true,"href":"https:\/\/acs.org.br\/academy\/wp-json\/wp\/v2\/categories?post=100756"},{"taxonomy":"post_tag","embeddable":true,"href":"https:\/\/acs.org.br\/academy\/wp-json\/wp\/v2\/tags?post=100756"}],"curies":[{"name":"wp","href":"https:\/\/api.w.org\/{rel}","templated":true}]}}