{"id":100754,"date":"2021-10-08T11:30:33","date_gmt":"2021-10-08T14:30:33","guid":{"rendered":"https:\/\/acs.org.br\/antigo\/?p=100754"},"modified":"2021-10-08T11:30:33","modified_gmt":"2021-10-08T14:30:33","slug":"porto-antaq-realizara-nesta-sexta-feira-8-audiencia-virtual-sobre-contratos-de-uso-temporario","status":"publish","type":"post","link":"https:\/\/acs.org.br\/academy\/porto-antaq-realizara-nesta-sexta-feira-8-audiencia-virtual-sobre-contratos-de-uso-temporario\/","title":{"rendered":"PORTO: ANTAQ realizar\u00e1 nesta sexta-feira (8) audi\u00eancia virtual sobre contratos de uso tempor\u00e1rio"},"content":{"rendered":"<p>Fonte: Ag\u00eancia Porto<\/p>\n<p>A ANTAQ realiza, nesta sexta-feira (8), audi\u00eancia p\u00fablica no modelo virtual sobre proposta normativa voltada para regular a contrata\u00e7\u00e3o de uso tempor\u00e1rio de \u00e1reas e instala\u00e7\u00f5es portu\u00e1rias localizadas na poligonal de porto organizado, para movimenta\u00e7\u00e3o de cargas com mercado n\u00e3o consolidado. O in\u00edcio ser\u00e1 \u00e0s 15h e t\u00e9rmino quando da manifesta\u00e7\u00e3o do \u00faltimo credenciado, sendo 18h o hor\u00e1rio limite para encerramento.<\/p>\n<p><a href=\"http:\/\/agenciaporto.com\/antaq-realizara-nesta-sexta-feira-8-audiencia-virtual-sobre-contratos-de-uso-temporario\/\">LEIA MAIS&#8230;<\/a><\/p>\n<p>&nbsp;<\/p>\n","protected":false},"excerpt":{"rendered":"<p>Fonte: Ag\u00eancia Porto A ANTAQ realiza, nesta sexta-feira (8), audi\u00eancia p\u00fablica no modelo virtual sobre proposta normativa voltada para regular a contrata\u00e7\u00e3o de uso tempor\u00e1rio de \u00e1reas e instala\u00e7\u00f5es portu\u00e1rias localizadas na poligonal de porto organizado, para movimenta\u00e7\u00e3o de cargas com mercado n\u00e3o consolidado. O in\u00edcio ser\u00e1 \u00e0s 15h e t\u00e9rmino quando da manifesta\u00e7\u00e3o do [&hellip;]<\/p>\n","protected":false},"author":3,"featured_media":0,"comment_status":"open","ping_status":"open","sticky":false,"template":"","format":"standard","meta":{"footnotes":""},"categories":[105],"tags":[],"_links":{"self":[{"href":"https:\/\/acs.org.br\/academy\/wp-json\/wp\/v2\/posts\/100754"}],"collection":[{"href":"https:\/\/acs.org.br\/academy\/wp-json\/wp\/v2\/posts"}],"about":[{"href":"https:\/\/acs.org.br\/academy\/wp-json\/wp\/v2\/types\/post"}],"author":[{"embeddable":true,"href":"https:\/\/acs.org.br\/academy\/wp-json\/wp\/v2\/users\/3"}],"replies":[{"embeddable":true,"href":"https:\/\/acs.org.br\/academy\/wp-json\/wp\/v2\/comments?post=100754"}],"version-history":[{"count":1,"href":"https:\/\/acs.org.br\/academy\/wp-json\/wp\/v2\/posts\/100754\/revisions"}],"predecessor-version":[{"id":100755,"href":"https:\/\/acs.org.br\/academy\/wp-json\/wp\/v2\/posts\/100754\/revisions\/100755"}],"wp:attachment":[{"href":"https:\/\/acs.org.br\/academy\/wp-json\/wp\/v2\/media?parent=100754"}],"wp:term":[{"taxonomy":"category","embeddable":true,"href":"https:\/\/acs.org.br\/academy\/wp-json\/wp\/v2\/categories?post=100754"},{"taxonomy":"post_tag","embeddable":true,"href":"https:\/\/acs.org.br\/academy\/wp-json\/wp\/v2\/tags?post=100754"}],"curies":[{"name":"wp","href":"https:\/\/api.w.org\/{rel}","templated":true}]}}