{"id":100747,"date":"2021-10-08T11:19:57","date_gmt":"2021-10-08T14:19:57","guid":{"rendered":"https:\/\/acs.org.br\/antigo\/?p=100747"},"modified":"2021-10-08T11:19:57","modified_gmt":"2021-10-08T14:19:57","slug":"comercio-exterior-exportacoes-de-carne-suina-batem-recorde-historico-em-setembro","status":"publish","type":"post","link":"https:\/\/acs.org.br\/academy\/comercio-exterior-exportacoes-de-carne-suina-batem-recorde-historico-em-setembro\/","title":{"rendered":"COM\u00c9RCIO EXTERIOR: Exporta\u00e7\u00f5es de carne su\u00edna batem recorde hist\u00f3rico em setembro"},"content":{"rendered":"<p>Fonte: Informativo dos Portos<\/p>\n<p>As exporta\u00e7\u00f5es brasileiras de carne su\u00edna (incluindo todos os produtos, entre in natura e processados) totalizaram 112,2 mil toneladas em setembro, recorde hist\u00f3rico nas exporta\u00e7\u00f5es mensais do setor. A informa\u00e7\u00e3o \u00e9 da Associa\u00e7\u00e3o Brasileira de Prote\u00edna Animal (ABPA).<\/p>\n<p><a href=\"https:\/\/www.informativodosportos.com.br\/exportacoes-de-carne-suina-batem-recorde-historico-em-setembro\/\">LEIA MAIS&#8230;<\/a><\/p>\n","protected":false},"excerpt":{"rendered":"<p>Fonte: Informativo dos Portos As exporta\u00e7\u00f5es brasileiras de carne su\u00edna (incluindo todos os produtos, entre in natura e processados) totalizaram 112,2 mil toneladas em setembro, recorde hist\u00f3rico nas exporta\u00e7\u00f5es mensais do setor. A informa\u00e7\u00e3o \u00e9 da Associa\u00e7\u00e3o Brasileira de Prote\u00edna Animal (ABPA). LEIA MAIS&#8230;<\/p>\n","protected":false},"author":3,"featured_media":100748,"comment_status":"open","ping_status":"open","sticky":false,"template":"","format":"standard","meta":{"footnotes":""},"categories":[105],"tags":[],"_links":{"self":[{"href":"https:\/\/acs.org.br\/academy\/wp-json\/wp\/v2\/posts\/100747"}],"collection":[{"href":"https:\/\/acs.org.br\/academy\/wp-json\/wp\/v2\/posts"}],"about":[{"href":"https:\/\/acs.org.br\/academy\/wp-json\/wp\/v2\/types\/post"}],"author":[{"embeddable":true,"href":"https:\/\/acs.org.br\/academy\/wp-json\/wp\/v2\/users\/3"}],"replies":[{"embeddable":true,"href":"https:\/\/acs.org.br\/academy\/wp-json\/wp\/v2\/comments?post=100747"}],"version-history":[{"count":1,"href":"https:\/\/acs.org.br\/academy\/wp-json\/wp\/v2\/posts\/100747\/revisions"}],"predecessor-version":[{"id":100749,"href":"https:\/\/acs.org.br\/academy\/wp-json\/wp\/v2\/posts\/100747\/revisions\/100749"}],"wp:featuredmedia":[{"embeddable":true,"href":"https:\/\/acs.org.br\/academy\/wp-json\/wp\/v2\/media\/100748"}],"wp:attachment":[{"href":"https:\/\/acs.org.br\/academy\/wp-json\/wp\/v2\/media?parent=100747"}],"wp:term":[{"taxonomy":"category","embeddable":true,"href":"https:\/\/acs.org.br\/academy\/wp-json\/wp\/v2\/categories?post=100747"},{"taxonomy":"post_tag","embeddable":true,"href":"https:\/\/acs.org.br\/academy\/wp-json\/wp\/v2\/tags?post=100747"}],"curies":[{"name":"wp","href":"https:\/\/api.w.org\/{rel}","templated":true}]}}