{"id":100738,"date":"2021-10-08T11:12:51","date_gmt":"2021-10-08T14:12:51","guid":{"rendered":"https:\/\/acs.org.br\/antigo\/?p=100738"},"modified":"2021-10-08T11:12:51","modified_gmt":"2021-10-08T14:12:51","slug":"porto-antaq-prepara-acordo-com-antt-sobre-ferradura","status":"publish","type":"post","link":"https:\/\/acs.org.br\/academy\/porto-antaq-prepara-acordo-com-antt-sobre-ferradura\/","title":{"rendered":"PORTO: Antaq prepara acordo com ANTT sobre ferradura"},"content":{"rendered":"<p>Fonte: A Tribuna<\/p>\n<p>O diretor gera\u00e7l da Ag\u00eancia Nacional de Transportes Aquavi\u00e1rios (Antaq), Eduardo Nery, afirmou ontem que um acordo de coopera\u00e7\u00e3o ent\u00e1 bem encaminhado com a Ag\u00eancia Nacional de Transportes Terrestres (ANTT) relacionado \u00e0 chamada Ferradura, que s\u00e3o as linhas ferrovi\u00e1rias que v\u00e3o do sop\u00e9 da Serra do Mar at\u00e9 as duas margens do Porto de Santos.<\/p>\n<p><a href=\"https:\/\/acs.org.br\/antigo\/wp-content\/uploads\/2021\/10\/FERRADURA-09-copia.pdf\">LEIA MAIS&#8230;<\/a><\/p>\n","protected":false},"excerpt":{"rendered":"<p>Fonte: A Tribuna O diretor gera\u00e7l da Ag\u00eancia Nacional de Transportes Aquavi\u00e1rios (Antaq), Eduardo Nery, afirmou ontem que um acordo de coopera\u00e7\u00e3o ent\u00e1 bem encaminhado com a Ag\u00eancia Nacional de Transportes Terrestres (ANTT) relacionado \u00e0 chamada Ferradura, que s\u00e3o as linhas ferrovi\u00e1rias que v\u00e3o do sop\u00e9 da Serra do Mar at\u00e9 as duas margens do [&hellip;]<\/p>\n","protected":false},"author":3,"featured_media":0,"comment_status":"open","ping_status":"open","sticky":false,"template":"","format":"standard","meta":{"footnotes":""},"categories":[105],"tags":[],"_links":{"self":[{"href":"https:\/\/acs.org.br\/academy\/wp-json\/wp\/v2\/posts\/100738"}],"collection":[{"href":"https:\/\/acs.org.br\/academy\/wp-json\/wp\/v2\/posts"}],"about":[{"href":"https:\/\/acs.org.br\/academy\/wp-json\/wp\/v2\/types\/post"}],"author":[{"embeddable":true,"href":"https:\/\/acs.org.br\/academy\/wp-json\/wp\/v2\/users\/3"}],"replies":[{"embeddable":true,"href":"https:\/\/acs.org.br\/academy\/wp-json\/wp\/v2\/comments?post=100738"}],"version-history":[{"count":1,"href":"https:\/\/acs.org.br\/academy\/wp-json\/wp\/v2\/posts\/100738\/revisions"}],"predecessor-version":[{"id":100740,"href":"https:\/\/acs.org.br\/academy\/wp-json\/wp\/v2\/posts\/100738\/revisions\/100740"}],"wp:attachment":[{"href":"https:\/\/acs.org.br\/academy\/wp-json\/wp\/v2\/media?parent=100738"}],"wp:term":[{"taxonomy":"category","embeddable":true,"href":"https:\/\/acs.org.br\/academy\/wp-json\/wp\/v2\/categories?post=100738"},{"taxonomy":"post_tag","embeddable":true,"href":"https:\/\/acs.org.br\/academy\/wp-json\/wp\/v2\/tags?post=100738"}],"curies":[{"name":"wp","href":"https:\/\/api.w.org\/{rel}","templated":true}]}}