{"id":100702,"date":"2021-10-07T11:56:20","date_gmt":"2021-10-07T14:56:20","guid":{"rendered":"https:\/\/acs.org.br\/antigo\/?p=100702"},"modified":"2021-10-07T11:56:20","modified_gmt":"2021-10-07T14:56:20","slug":"politica-camara-aprova-mp-que-cria-o-programa-de-estimulo-ao-credito","status":"publish","type":"post","link":"https:\/\/acs.org.br\/academy\/politica-camara-aprova-mp-que-cria-o-programa-de-estimulo-ao-credito\/","title":{"rendered":"POL\u00cdTICA: C\u00e2mara aprova MP que cria o Programa de Est\u00edmulo ao Cr\u00e9dito"},"content":{"rendered":"<p>Fonte: Ag\u00eancia Brasil<\/p>\n<p>A C\u00e2mara dos Deputados aprovou hoje (7) a Medida Provis\u00f3ria (MP) 1057\/21, que trata do Programa de Est\u00edmulo ao Cr\u00e9dito (PEC) voltado para microempreendedores individuais, microempresas, empresas de pequeno porte e a produtores rurais, com faturamento anual de at\u00e9 R$ 4,8 milh\u00f5es. O texto agora o segue para an\u00e1lise do Senado.<\/p>\n<p><a href=\"https:\/\/agenciabrasil.ebc.com.br\/politica\/noticia\/2021-10\/camara-aprova-mp-que-cria-o-programa-de-estimulo-ao-credito\">LEIA MAIS&#8230;<\/a><\/p>\n<p>&nbsp;<\/p>\n","protected":false},"excerpt":{"rendered":"<p>Fonte: Ag\u00eancia Brasil A C\u00e2mara dos Deputados aprovou hoje (7) a Medida Provis\u00f3ria (MP) 1057\/21, que trata do Programa de Est\u00edmulo ao Cr\u00e9dito (PEC) voltado para microempreendedores individuais, microempresas, empresas de pequeno porte e a produtores rurais, com faturamento anual de at\u00e9 R$ 4,8 milh\u00f5es. O texto agora o segue para an\u00e1lise do Senado. LEIA [&hellip;]<\/p>\n","protected":false},"author":3,"featured_media":100703,"comment_status":"open","ping_status":"open","sticky":false,"template":"","format":"standard","meta":{"footnotes":""},"categories":[105],"tags":[],"_links":{"self":[{"href":"https:\/\/acs.org.br\/academy\/wp-json\/wp\/v2\/posts\/100702"}],"collection":[{"href":"https:\/\/acs.org.br\/academy\/wp-json\/wp\/v2\/posts"}],"about":[{"href":"https:\/\/acs.org.br\/academy\/wp-json\/wp\/v2\/types\/post"}],"author":[{"embeddable":true,"href":"https:\/\/acs.org.br\/academy\/wp-json\/wp\/v2\/users\/3"}],"replies":[{"embeddable":true,"href":"https:\/\/acs.org.br\/academy\/wp-json\/wp\/v2\/comments?post=100702"}],"version-history":[{"count":1,"href":"https:\/\/acs.org.br\/academy\/wp-json\/wp\/v2\/posts\/100702\/revisions"}],"predecessor-version":[{"id":100704,"href":"https:\/\/acs.org.br\/academy\/wp-json\/wp\/v2\/posts\/100702\/revisions\/100704"}],"wp:featuredmedia":[{"embeddable":true,"href":"https:\/\/acs.org.br\/academy\/wp-json\/wp\/v2\/media\/100703"}],"wp:attachment":[{"href":"https:\/\/acs.org.br\/academy\/wp-json\/wp\/v2\/media?parent=100702"}],"wp:term":[{"taxonomy":"category","embeddable":true,"href":"https:\/\/acs.org.br\/academy\/wp-json\/wp\/v2\/categories?post=100702"},{"taxonomy":"post_tag","embeddable":true,"href":"https:\/\/acs.org.br\/academy\/wp-json\/wp\/v2\/tags?post=100702"}],"curies":[{"name":"wp","href":"https:\/\/api.w.org\/{rel}","templated":true}]}}