{"id":100691,"date":"2021-10-07T11:21:01","date_gmt":"2021-10-07T14:21:01","guid":{"rendered":"https:\/\/acs.org.br\/antigo\/?p=100691"},"modified":"2021-10-07T11:21:01","modified_gmt":"2021-10-07T14:21:01","slug":"porto-8o-encontro-da-atp-discute-modelo-de-desestatizacao-dos-portos-brasileiros","status":"publish","type":"post","link":"https:\/\/acs.org.br\/academy\/porto-8o-encontro-da-atp-discute-modelo-de-desestatizacao-dos-portos-brasileiros\/","title":{"rendered":"PORTO: 8\u00ba Encontro da ATP discute modelo de desestatiza\u00e7\u00e3o dos portos brasileiros"},"content":{"rendered":"<p>Fonte: Informativo dos Portos<\/p>\n<p>A ATP (Associa\u00e7\u00e3o de Terminais Portu\u00e1rios Privados) promove, no dia 27 de outubro, o 8\u00ba Encontro ATP, com o tema \u201cDesestatiza\u00e7\u00e3o dos Portos Organizados: Uma Vis\u00e3o do Setor Privado\u201d. O ex-secret\u00e1rio de Desestatiza\u00e7\u00e3o do Governo Federal, Salim Mattar tem presen\u00e7a confirmada e far\u00e1 a palestra magna do encontro.<\/p>\n<p><a href=\"https:\/\/www.informativodosportos.com.br\/8o-encontro-da-atp-discute-modelo-de-desestatizacao-dos-portos-brasileiros\/\">LEIA MAIS&#8230;<\/a><\/p>\n","protected":false},"excerpt":{"rendered":"<p>Fonte: Informativo dos Portos A ATP (Associa\u00e7\u00e3o de Terminais Portu\u00e1rios Privados) promove, no dia 27 de outubro, o 8\u00ba Encontro ATP, com o tema \u201cDesestatiza\u00e7\u00e3o dos Portos Organizados: Uma Vis\u00e3o do Setor Privado\u201d. O ex-secret\u00e1rio de Desestatiza\u00e7\u00e3o do Governo Federal, Salim Mattar tem presen\u00e7a confirmada e far\u00e1 a palestra magna do encontro. LEIA MAIS&#8230;<\/p>\n","protected":false},"author":3,"featured_media":100692,"comment_status":"open","ping_status":"open","sticky":false,"template":"","format":"standard","meta":{"footnotes":""},"categories":[105],"tags":[],"_links":{"self":[{"href":"https:\/\/acs.org.br\/academy\/wp-json\/wp\/v2\/posts\/100691"}],"collection":[{"href":"https:\/\/acs.org.br\/academy\/wp-json\/wp\/v2\/posts"}],"about":[{"href":"https:\/\/acs.org.br\/academy\/wp-json\/wp\/v2\/types\/post"}],"author":[{"embeddable":true,"href":"https:\/\/acs.org.br\/academy\/wp-json\/wp\/v2\/users\/3"}],"replies":[{"embeddable":true,"href":"https:\/\/acs.org.br\/academy\/wp-json\/wp\/v2\/comments?post=100691"}],"version-history":[{"count":1,"href":"https:\/\/acs.org.br\/academy\/wp-json\/wp\/v2\/posts\/100691\/revisions"}],"predecessor-version":[{"id":100693,"href":"https:\/\/acs.org.br\/academy\/wp-json\/wp\/v2\/posts\/100691\/revisions\/100693"}],"wp:featuredmedia":[{"embeddable":true,"href":"https:\/\/acs.org.br\/academy\/wp-json\/wp\/v2\/media\/100692"}],"wp:attachment":[{"href":"https:\/\/acs.org.br\/academy\/wp-json\/wp\/v2\/media?parent=100691"}],"wp:term":[{"taxonomy":"category","embeddable":true,"href":"https:\/\/acs.org.br\/academy\/wp-json\/wp\/v2\/categories?post=100691"},{"taxonomy":"post_tag","embeddable":true,"href":"https:\/\/acs.org.br\/academy\/wp-json\/wp\/v2\/tags?post=100691"}],"curies":[{"name":"wp","href":"https:\/\/api.w.org\/{rel}","templated":true}]}}