{"id":100659,"date":"2021-10-07T10:07:23","date_gmt":"2021-10-07T13:07:23","guid":{"rendered":"https:\/\/acs.org.br\/antigo\/?p=100659"},"modified":"2021-10-07T10:08:24","modified_gmt":"2021-10-07T13:08:24","slug":"economia-ue-quer-barrar-a-importacao-de-produto-do-desmatamento-da-amazonia","status":"publish","type":"post","link":"https:\/\/acs.org.br\/academy\/economia-ue-quer-barrar-a-importacao-de-produto-do-desmatamento-da-amazonia\/","title":{"rendered":"ECONOMIA: UE quer barrar a importa\u00e7\u00e3o de produto do desmatamento da Amaz\u00f4nia"},"content":{"rendered":"<p>Emily Rees: a principal quest\u00e3o ser\u00e1 a certifica\u00e7\u00e3o do produto para garantir sua entrar no mercado europeu \u2014 Foto: Divulga\u00e7\u00e3o<\/p>\n<p>Fonte: Valor Econ\u00f4mico<\/p>\n<p>A Uni\u00e3o Europeia (UE) dever\u00e1 anunciar em novembro proposta para exigir de seus importadores de carne bovina, soja, caf\u00e9, cacau, madeira e \u00f3leo de palma que se certifiquem de que essas seis commodities s\u00e3o provenientes de terras que n\u00e3o foram desmatadas ilegalmente ou contribu\u00edram para a degrada\u00e7\u00e3o de solos depois de 1\u00ba de janeiro de 2021.<\/p>\n<p><a href=\"https:\/\/acs.org.br\/antigo\/wp-content\/uploads\/2021\/10\/UE-07.pdf\">LEIA MAIS&#8230;<\/a><\/p>\n","protected":false},"excerpt":{"rendered":"<p>Emily Rees: a principal quest\u00e3o ser\u00e1 a certifica\u00e7\u00e3o do produto para garantir sua entrar no mercado europeu \u2014 Foto: Divulga\u00e7\u00e3o Fonte: Valor Econ\u00f4mico A Uni\u00e3o Europeia (UE) dever\u00e1 anunciar em novembro proposta para exigir de seus importadores de carne bovina, soja, caf\u00e9, cacau, madeira e \u00f3leo de palma que se certifiquem de que essas seis [&hellip;]<\/p>\n","protected":false},"author":3,"featured_media":100661,"comment_status":"open","ping_status":"open","sticky":false,"template":"","format":"standard","meta":{"footnotes":""},"categories":[105],"tags":[],"_links":{"self":[{"href":"https:\/\/acs.org.br\/academy\/wp-json\/wp\/v2\/posts\/100659"}],"collection":[{"href":"https:\/\/acs.org.br\/academy\/wp-json\/wp\/v2\/posts"}],"about":[{"href":"https:\/\/acs.org.br\/academy\/wp-json\/wp\/v2\/types\/post"}],"author":[{"embeddable":true,"href":"https:\/\/acs.org.br\/academy\/wp-json\/wp\/v2\/users\/3"}],"replies":[{"embeddable":true,"href":"https:\/\/acs.org.br\/academy\/wp-json\/wp\/v2\/comments?post=100659"}],"version-history":[{"count":2,"href":"https:\/\/acs.org.br\/academy\/wp-json\/wp\/v2\/posts\/100659\/revisions"}],"predecessor-version":[{"id":100663,"href":"https:\/\/acs.org.br\/academy\/wp-json\/wp\/v2\/posts\/100659\/revisions\/100663"}],"wp:featuredmedia":[{"embeddable":true,"href":"https:\/\/acs.org.br\/academy\/wp-json\/wp\/v2\/media\/100661"}],"wp:attachment":[{"href":"https:\/\/acs.org.br\/academy\/wp-json\/wp\/v2\/media?parent=100659"}],"wp:term":[{"taxonomy":"category","embeddable":true,"href":"https:\/\/acs.org.br\/academy\/wp-json\/wp\/v2\/categories?post=100659"},{"taxonomy":"post_tag","embeddable":true,"href":"https:\/\/acs.org.br\/academy\/wp-json\/wp\/v2\/tags?post=100659"}],"curies":[{"name":"wp","href":"https:\/\/api.w.org\/{rel}","templated":true}]}}