{"id":100638,"date":"2021-10-06T11:55:56","date_gmt":"2021-10-06T14:55:56","guid":{"rendered":"https:\/\/acs.org.br\/antigo\/?p=100638"},"modified":"2021-10-06T11:56:26","modified_gmt":"2021-10-06T14:56:26","slug":"cafe-20o-episodio-da-webserie-da-bsca-destaca-a-importancia-do-mestre-de-torra-no-setor-cafeeiro","status":"publish","type":"post","link":"https:\/\/acs.org.br\/academy\/cafe-20o-episodio-da-webserie-da-bsca-destaca-a-importancia-do-mestre-de-torra-no-setor-cafeeiro\/","title":{"rendered":"CAF\u00c9: 20\u00ba epis\u00f3dio da webs\u00e9rie da BSCA destaca a import\u00e2ncia do mestre de torra no setor cafeeiro"},"content":{"rendered":"<p>Fonte: Caf\u00e9 Point<\/p>\n<p>Na quarta-feira (6) acontece o lan\u00e7amento do 20\u00ba epis\u00f3dio da webs\u00e9rie \u201cA Hist\u00f3ria do Caf\u00e9 Especial \u2013 O olhar da BSCA em 30 anos\u201d, realizada pela Associa\u00e7\u00e3o Brasileira de Caf\u00e9s Especiais (BSCA) em parceria com a Caf\u00e9 Editora.<\/p>\n<p><a href=\"https:\/\/www.cafepoint.com.br\/noticias\/giro-de-noticias\/20-episodio-da-webserie-da-bsca-destaca-a-importancia-do-mestre-de-torra-no-setor-cafeeiro-227546\/\">LEIA MAIS&#8230;<\/a><\/p>\n<p>&nbsp;<\/p>\n","protected":false},"excerpt":{"rendered":"<p>Fonte: Caf\u00e9 Point Na quarta-feira (6) acontece o lan\u00e7amento do 20\u00ba epis\u00f3dio da webs\u00e9rie \u201cA Hist\u00f3ria do Caf\u00e9 Especial \u2013 O olhar da BSCA em 30 anos\u201d, realizada pela Associa\u00e7\u00e3o Brasileira de Caf\u00e9s Especiais (BSCA) em parceria com a Caf\u00e9 Editora. LEIA MAIS&#8230; &nbsp;<\/p>\n","protected":false},"author":3,"featured_media":0,"comment_status":"open","ping_status":"open","sticky":false,"template":"","format":"standard","meta":{"footnotes":""},"categories":[105],"tags":[],"_links":{"self":[{"href":"https:\/\/acs.org.br\/academy\/wp-json\/wp\/v2\/posts\/100638"}],"collection":[{"href":"https:\/\/acs.org.br\/academy\/wp-json\/wp\/v2\/posts"}],"about":[{"href":"https:\/\/acs.org.br\/academy\/wp-json\/wp\/v2\/types\/post"}],"author":[{"embeddable":true,"href":"https:\/\/acs.org.br\/academy\/wp-json\/wp\/v2\/users\/3"}],"replies":[{"embeddable":true,"href":"https:\/\/acs.org.br\/academy\/wp-json\/wp\/v2\/comments?post=100638"}],"version-history":[{"count":1,"href":"https:\/\/acs.org.br\/academy\/wp-json\/wp\/v2\/posts\/100638\/revisions"}],"predecessor-version":[{"id":100639,"href":"https:\/\/acs.org.br\/academy\/wp-json\/wp\/v2\/posts\/100638\/revisions\/100639"}],"wp:attachment":[{"href":"https:\/\/acs.org.br\/academy\/wp-json\/wp\/v2\/media?parent=100638"}],"wp:term":[{"taxonomy":"category","embeddable":true,"href":"https:\/\/acs.org.br\/academy\/wp-json\/wp\/v2\/categories?post=100638"},{"taxonomy":"post_tag","embeddable":true,"href":"https:\/\/acs.org.br\/academy\/wp-json\/wp\/v2\/tags?post=100638"}],"curies":[{"name":"wp","href":"https:\/\/api.w.org\/{rel}","templated":true}]}}