{"id":100627,"date":"2021-10-06T11:42:56","date_gmt":"2021-10-06T14:42:56","guid":{"rendered":"https:\/\/acs.org.br\/antigo\/?p=100627"},"modified":"2021-10-06T12:39:55","modified_gmt":"2021-10-06T15:39:55","slug":"economia-apos-3-altas-seguidas-vendas-do-comercio-caem-31-em-agosto","status":"publish","type":"post","link":"https:\/\/acs.org.br\/academy\/economia-apos-3-altas-seguidas-vendas-do-comercio-caem-31-em-agosto\/","title":{"rendered":"ECONOMIA: Ap\u00f3s 3 altas seguidas, vendas do com\u00e9rcio caem 3,1% em agosto"},"content":{"rendered":"<p>Fonte: G1\u00a0<\/p>\n<p>As vendas do com\u00e9rcio varejista ca\u00edram 3,1% em agosto, na compara\u00e7\u00e3o com julho, interrompendo uma sequ\u00eancia de 3 altas seguidas, segundo dados divulgados nesta quarta-feira (6) pelo Instituto Brasileiro de Geografia e Estat\u00edstica (IBGE).<\/p>\n<p><a href=\"https:\/\/g1.globo.com\/economia\/noticia\/2021\/10\/06\/vendas-do-comercio-caem-31percent-em-agosto.ghtml\">LEIA MAIS&#8230;<\/a><\/p>\n<p>&nbsp;<\/p>\n","protected":false},"excerpt":{"rendered":"<p>Fonte: G1\u00a0 As vendas do com\u00e9rcio varejista ca\u00edram 3,1% em agosto, na compara\u00e7\u00e3o com julho, interrompendo uma sequ\u00eancia de 3 altas seguidas, segundo dados divulgados nesta quarta-feira (6) pelo Instituto Brasileiro de Geografia e Estat\u00edstica (IBGE). LEIA MAIS&#8230; &nbsp;<\/p>\n","protected":false},"author":3,"featured_media":100641,"comment_status":"open","ping_status":"open","sticky":false,"template":"","format":"standard","meta":{"footnotes":""},"categories":[105],"tags":[],"_links":{"self":[{"href":"https:\/\/acs.org.br\/academy\/wp-json\/wp\/v2\/posts\/100627"}],"collection":[{"href":"https:\/\/acs.org.br\/academy\/wp-json\/wp\/v2\/posts"}],"about":[{"href":"https:\/\/acs.org.br\/academy\/wp-json\/wp\/v2\/types\/post"}],"author":[{"embeddable":true,"href":"https:\/\/acs.org.br\/academy\/wp-json\/wp\/v2\/users\/3"}],"replies":[{"embeddable":true,"href":"https:\/\/acs.org.br\/academy\/wp-json\/wp\/v2\/comments?post=100627"}],"version-history":[{"count":1,"href":"https:\/\/acs.org.br\/academy\/wp-json\/wp\/v2\/posts\/100627\/revisions"}],"predecessor-version":[{"id":100628,"href":"https:\/\/acs.org.br\/academy\/wp-json\/wp\/v2\/posts\/100627\/revisions\/100628"}],"wp:featuredmedia":[{"embeddable":true,"href":"https:\/\/acs.org.br\/academy\/wp-json\/wp\/v2\/media\/100641"}],"wp:attachment":[{"href":"https:\/\/acs.org.br\/academy\/wp-json\/wp\/v2\/media?parent=100627"}],"wp:term":[{"taxonomy":"category","embeddable":true,"href":"https:\/\/acs.org.br\/academy\/wp-json\/wp\/v2\/categories?post=100627"},{"taxonomy":"post_tag","embeddable":true,"href":"https:\/\/acs.org.br\/academy\/wp-json\/wp\/v2\/tags?post=100627"}],"curies":[{"name":"wp","href":"https:\/\/api.w.org\/{rel}","templated":true}]}}