{"id":100625,"date":"2021-10-06T11:41:50","date_gmt":"2021-10-06T14:41:50","guid":{"rendered":"https:\/\/acs.org.br\/antigo\/?p=100625"},"modified":"2021-10-06T11:41:50","modified_gmt":"2021-10-06T14:41:50","slug":"saude-covid-em-sp-como-esta-o-numero-de-mortes-e-casos-no-momento-em-que-a-cidade-estuda-o-fim-do-uso-obrigatorio-da-mascara","status":"publish","type":"post","link":"https:\/\/acs.org.br\/academy\/saude-covid-em-sp-como-esta-o-numero-de-mortes-e-casos-no-momento-em-que-a-cidade-estuda-o-fim-do-uso-obrigatorio-da-mascara\/","title":{"rendered":"SA\u00daDE: Covid em SP: como est\u00e1 o n\u00famero de mortes e casos no momento em que a cidade estuda o fim do uso obrigat\u00f3rio da m\u00e1scara"},"content":{"rendered":"<p>Fonte: G1<\/p>\n<p>A Prefeitura de S\u00e3o Paulo afirmou nesta ter\u00e7a-feira (5) que a cidade estuda liberar o uso de m\u00e1scaras de prote\u00e7\u00e3o contra o coronav\u00edrus em locais abertos na segunda quinzena de outubro, mas a cidade ainda n\u00e3o alcan\u00e7ou o controle total da pandemia.<\/p>\n<p><a href=\"https:\/\/g1.globo.com\/sp\/sao-paulo\/noticia\/2021\/10\/06\/covid-em-sp-como-esta-o-numero-de-mortes-e-casos-no-momento-em-que-a-cidade-estuda-o-fim-do-uso-obrigatorio-da-mascara.ghtml\">LEIA MAIS&#8230;<\/a><\/p>\n<p>&nbsp;<\/p>\n","protected":false},"excerpt":{"rendered":"<p>Fonte: G1 A Prefeitura de S\u00e3o Paulo afirmou nesta ter\u00e7a-feira (5) que a cidade estuda liberar o uso de m\u00e1scaras de prote\u00e7\u00e3o contra o coronav\u00edrus em locais abertos na segunda quinzena de outubro, mas a cidade ainda n\u00e3o alcan\u00e7ou o controle total da pandemia. LEIA MAIS&#8230; &nbsp;<\/p>\n","protected":false},"author":3,"featured_media":0,"comment_status":"open","ping_status":"open","sticky":false,"template":"","format":"standard","meta":{"footnotes":""},"categories":[105],"tags":[],"_links":{"self":[{"href":"https:\/\/acs.org.br\/academy\/wp-json\/wp\/v2\/posts\/100625"}],"collection":[{"href":"https:\/\/acs.org.br\/academy\/wp-json\/wp\/v2\/posts"}],"about":[{"href":"https:\/\/acs.org.br\/academy\/wp-json\/wp\/v2\/types\/post"}],"author":[{"embeddable":true,"href":"https:\/\/acs.org.br\/academy\/wp-json\/wp\/v2\/users\/3"}],"replies":[{"embeddable":true,"href":"https:\/\/acs.org.br\/academy\/wp-json\/wp\/v2\/comments?post=100625"}],"version-history":[{"count":1,"href":"https:\/\/acs.org.br\/academy\/wp-json\/wp\/v2\/posts\/100625\/revisions"}],"predecessor-version":[{"id":100626,"href":"https:\/\/acs.org.br\/academy\/wp-json\/wp\/v2\/posts\/100625\/revisions\/100626"}],"wp:attachment":[{"href":"https:\/\/acs.org.br\/academy\/wp-json\/wp\/v2\/media?parent=100625"}],"wp:term":[{"taxonomy":"category","embeddable":true,"href":"https:\/\/acs.org.br\/academy\/wp-json\/wp\/v2\/categories?post=100625"},{"taxonomy":"post_tag","embeddable":true,"href":"https:\/\/acs.org.br\/academy\/wp-json\/wp\/v2\/tags?post=100625"}],"curies":[{"name":"wp","href":"https:\/\/api.w.org\/{rel}","templated":true}]}}