{"id":100580,"date":"2021-10-06T10:03:08","date_gmt":"2021-10-06T13:03:08","guid":{"rendered":"https:\/\/acs.org.br\/antigo\/?p=100580"},"modified":"2021-10-06T10:06:49","modified_gmt":"2021-10-06T13:06:49","slug":"porto-obras-de-melhoria-na-regiao-portuaria-do-centro-de-santos-seguem-por-mais-cerca-de-40-dias","status":"publish","type":"post","link":"https:\/\/acs.org.br\/academy\/porto-obras-de-melhoria-na-regiao-portuaria-do-centro-de-santos-seguem-por-mais-cerca-de-40-dias\/","title":{"rendered":"PORTO: Obras de melhoria na regi\u00e3o portu\u00e1ria do Centro de Santos seguem por mais cerca de 40 dias"},"content":{"rendered":"<p>Fonte: Informativo dos Portos<\/p>\n<p>As obras de recupera\u00e7\u00e3o da pavimenta\u00e7\u00e3o da Rua Ant\u00f4nio Prado, via portu\u00e1ria na regi\u00e3o central de Santos, que come\u00e7aram no dia 1\u00ba de setembro, v\u00e3o seguir por mais cerca de 40 dias. Por isso, o trecho da via perimetral do Porto de Santos entre o Largo Marques de Monte Alegre (em frente ao Museu Pel\u00e9) e a Pra\u00e7a da Rep\u00fablica (onde fica o terminal de passageiros da travessia Santos \u2013 Vicente de Carvalho) segue com interdi\u00e7\u00e3o parcial e tr\u00e2nsito em meia pista.<\/p>\n<p><a href=\"https:\/\/www.informativodosportos.com.br\/obras-de-melhoria-na-regiao-portuaria-do-centro-de-santos-seguem-por-mais-cerca-de-40-dias\/\">LEIA MAIS&#8230;<\/a><\/p>\n<p>&nbsp;<\/p>\n","protected":false},"excerpt":{"rendered":"<p>Fonte: Informativo dos Portos As obras de recupera\u00e7\u00e3o da pavimenta\u00e7\u00e3o da Rua Ant\u00f4nio Prado, via portu\u00e1ria na regi\u00e3o central de Santos, que come\u00e7aram no dia 1\u00ba de setembro, v\u00e3o seguir por mais cerca de 40 dias. Por isso, o trecho da via perimetral do Porto de Santos entre o Largo Marques de Monte Alegre (em [&hellip;]<\/p>\n","protected":false},"author":3,"featured_media":100585,"comment_status":"open","ping_status":"open","sticky":false,"template":"","format":"standard","meta":{"footnotes":""},"categories":[105],"tags":[],"_links":{"self":[{"href":"https:\/\/acs.org.br\/academy\/wp-json\/wp\/v2\/posts\/100580"}],"collection":[{"href":"https:\/\/acs.org.br\/academy\/wp-json\/wp\/v2\/posts"}],"about":[{"href":"https:\/\/acs.org.br\/academy\/wp-json\/wp\/v2\/types\/post"}],"author":[{"embeddable":true,"href":"https:\/\/acs.org.br\/academy\/wp-json\/wp\/v2\/users\/3"}],"replies":[{"embeddable":true,"href":"https:\/\/acs.org.br\/academy\/wp-json\/wp\/v2\/comments?post=100580"}],"version-history":[{"count":1,"href":"https:\/\/acs.org.br\/academy\/wp-json\/wp\/v2\/posts\/100580\/revisions"}],"predecessor-version":[{"id":100583,"href":"https:\/\/acs.org.br\/academy\/wp-json\/wp\/v2\/posts\/100580\/revisions\/100583"}],"wp:featuredmedia":[{"embeddable":true,"href":"https:\/\/acs.org.br\/academy\/wp-json\/wp\/v2\/media\/100585"}],"wp:attachment":[{"href":"https:\/\/acs.org.br\/academy\/wp-json\/wp\/v2\/media?parent=100580"}],"wp:term":[{"taxonomy":"category","embeddable":true,"href":"https:\/\/acs.org.br\/academy\/wp-json\/wp\/v2\/categories?post=100580"},{"taxonomy":"post_tag","embeddable":true,"href":"https:\/\/acs.org.br\/academy\/wp-json\/wp\/v2\/tags?post=100580"}],"curies":[{"name":"wp","href":"https:\/\/api.w.org\/{rel}","templated":true}]}}