{"id":100549,"date":"2021-10-05T11:26:59","date_gmt":"2021-10-05T14:26:59","guid":{"rendered":"https:\/\/acs.org.br\/antigo\/?p=100549"},"modified":"2021-10-05T11:26:59","modified_gmt":"2021-10-05T14:26:59","slug":"saude-covid-mais-de-559-mil-pessoas-nao-tomaram-a-2a-dose-da-vacina-em-sp","status":"publish","type":"post","link":"https:\/\/acs.org.br\/academy\/saude-covid-mais-de-559-mil-pessoas-nao-tomaram-a-2a-dose-da-vacina-em-sp\/","title":{"rendered":"SA\u00daDE: Covid: mais de 559 mil pessoas n\u00e3o tomaram a 2\u00aa dose da vacina em SP"},"content":{"rendered":"<p>Fonte: Ag\u00eancia Brasil<\/p>\n<p>A prefeitura de S\u00e3o Paulo estima que 559.676 pessoas ainda n\u00e3o tomaram a segunda dose de vacina contra a covid-19 na cidade. O dado foi divulgado hoje (4) pela Secretaria Municipal de Sa\u00fade.<\/p>\n<p><a href=\"https:\/\/agenciabrasil.ebc.com.br\/saude\/noticia\/2021-10\/covid-mais-de-559-mil-pessoas-nao-tomaram-2a-dose-da-vacina-em-sp\">LEIA MAIS&#8230;<\/a><\/p>\n","protected":false},"excerpt":{"rendered":"<p>Fonte: Ag\u00eancia Brasil A prefeitura de S\u00e3o Paulo estima que 559.676 pessoas ainda n\u00e3o tomaram a segunda dose de vacina contra a covid-19 na cidade. O dado foi divulgado hoje (4) pela Secretaria Municipal de Sa\u00fade. LEIA MAIS&#8230;<\/p>\n","protected":false},"author":3,"featured_media":0,"comment_status":"open","ping_status":"open","sticky":false,"template":"","format":"standard","meta":{"footnotes":""},"categories":[105],"tags":[],"_links":{"self":[{"href":"https:\/\/acs.org.br\/academy\/wp-json\/wp\/v2\/posts\/100549"}],"collection":[{"href":"https:\/\/acs.org.br\/academy\/wp-json\/wp\/v2\/posts"}],"about":[{"href":"https:\/\/acs.org.br\/academy\/wp-json\/wp\/v2\/types\/post"}],"author":[{"embeddable":true,"href":"https:\/\/acs.org.br\/academy\/wp-json\/wp\/v2\/users\/3"}],"replies":[{"embeddable":true,"href":"https:\/\/acs.org.br\/academy\/wp-json\/wp\/v2\/comments?post=100549"}],"version-history":[{"count":1,"href":"https:\/\/acs.org.br\/academy\/wp-json\/wp\/v2\/posts\/100549\/revisions"}],"predecessor-version":[{"id":100550,"href":"https:\/\/acs.org.br\/academy\/wp-json\/wp\/v2\/posts\/100549\/revisions\/100550"}],"wp:attachment":[{"href":"https:\/\/acs.org.br\/academy\/wp-json\/wp\/v2\/media?parent=100549"}],"wp:term":[{"taxonomy":"category","embeddable":true,"href":"https:\/\/acs.org.br\/academy\/wp-json\/wp\/v2\/categories?post=100549"},{"taxonomy":"post_tag","embeddable":true,"href":"https:\/\/acs.org.br\/academy\/wp-json\/wp\/v2\/tags?post=100549"}],"curies":[{"name":"wp","href":"https:\/\/api.w.org\/{rel}","templated":true}]}}