{"id":100547,"date":"2021-10-05T11:24:10","date_gmt":"2021-10-05T14:24:10","guid":{"rendered":"https:\/\/acs.org.br\/antigo\/?p=100547"},"modified":"2021-10-05T11:24:10","modified_gmt":"2021-10-05T14:24:10","slug":"cafe-mais-de-700-amostras-concorrem-ao-31o-premio-ernesto-illy-de-qualidade-do-cafe","status":"publish","type":"post","link":"https:\/\/acs.org.br\/academy\/cafe-mais-de-700-amostras-concorrem-ao-31o-premio-ernesto-illy-de-qualidade-do-cafe\/","title":{"rendered":"CAF\u00c9: Mais de 700 amostras concorrem ao 31\u00ba Pr\u00eamio Ernesto Illy de Qualidade do Caf\u00e9"},"content":{"rendered":"<p>Fonte: Caf\u00e9 Point<\/p>\n<p>O 31\u00ba Pr\u00eamio Ernesto Illy de Qualidade Sustent\u00e1vel do Caf\u00e9 para Espresso finalizou o per\u00edodo de inscri\u00e7\u00f5es com 754 amostras recebidas pela Experimental Agr\u00edcola do Brasil\/illycaff\u00e8.<\/p>\n<p>Na avalia\u00e7\u00e3o, o n\u00famero \u00e9 bastante significativo, pois foi um ano dif\u00edcil para o setor, com eventos clim\u00e1ticos adversos e a baixa safra cafeeira. \u201cA sele\u00e7\u00e3o das 40 finalistas ser\u00e1 muito dif\u00edcil, tendo em vista termos um grande n\u00famero de caf\u00e9s de excelente qualidade\u201d, adiantou o Dr. Aldir Teixeira, Diretor-Geral da Experimental e Presidente da Comiss\u00e3o Julgadora do Pr\u00eamio desde a primeira edi\u00e7\u00e3o, em 1991.<\/p>\n<p><a href=\"https:\/\/www.cafepoint.com.br\/noticias\/giro-de-noticias\/mais-de-700-amostras-concorrem-ao-31-premio-ernesto-illy-de-qualidade-do-cafe-227523\/\">LEIA MAIS&#8230;<\/a><\/p>\n<p>&nbsp;<\/p>\n","protected":false},"excerpt":{"rendered":"<p>Fonte: Caf\u00e9 Point O 31\u00ba Pr\u00eamio Ernesto Illy de Qualidade Sustent\u00e1vel do Caf\u00e9 para Espresso finalizou o per\u00edodo de inscri\u00e7\u00f5es com 754 amostras recebidas pela Experimental Agr\u00edcola do Brasil\/illycaff\u00e8. Na avalia\u00e7\u00e3o, o n\u00famero \u00e9 bastante significativo, pois foi um ano dif\u00edcil para o setor, com eventos clim\u00e1ticos adversos e a baixa safra cafeeira. \u201cA sele\u00e7\u00e3o [&hellip;]<\/p>\n","protected":false},"author":3,"featured_media":0,"comment_status":"open","ping_status":"open","sticky":false,"template":"","format":"standard","meta":{"footnotes":""},"categories":[105],"tags":[],"_links":{"self":[{"href":"https:\/\/acs.org.br\/academy\/wp-json\/wp\/v2\/posts\/100547"}],"collection":[{"href":"https:\/\/acs.org.br\/academy\/wp-json\/wp\/v2\/posts"}],"about":[{"href":"https:\/\/acs.org.br\/academy\/wp-json\/wp\/v2\/types\/post"}],"author":[{"embeddable":true,"href":"https:\/\/acs.org.br\/academy\/wp-json\/wp\/v2\/users\/3"}],"replies":[{"embeddable":true,"href":"https:\/\/acs.org.br\/academy\/wp-json\/wp\/v2\/comments?post=100547"}],"version-history":[{"count":1,"href":"https:\/\/acs.org.br\/academy\/wp-json\/wp\/v2\/posts\/100547\/revisions"}],"predecessor-version":[{"id":100548,"href":"https:\/\/acs.org.br\/academy\/wp-json\/wp\/v2\/posts\/100547\/revisions\/100548"}],"wp:attachment":[{"href":"https:\/\/acs.org.br\/academy\/wp-json\/wp\/v2\/media?parent=100547"}],"wp:term":[{"taxonomy":"category","embeddable":true,"href":"https:\/\/acs.org.br\/academy\/wp-json\/wp\/v2\/categories?post=100547"},{"taxonomy":"post_tag","embeddable":true,"href":"https:\/\/acs.org.br\/academy\/wp-json\/wp\/v2\/tags?post=100547"}],"curies":[{"name":"wp","href":"https:\/\/api.w.org\/{rel}","templated":true}]}}