{"id":100540,"date":"2021-10-05T10:48:57","date_gmt":"2021-10-05T13:48:57","guid":{"rendered":"https:\/\/acs.org.br\/antigo\/?p=100540"},"modified":"2021-10-05T10:48:57","modified_gmt":"2021-10-05T13:48:57","slug":"tecnologia-falha-interna-derrubou-redes-diz-facebook","status":"publish","type":"post","link":"https:\/\/acs.org.br\/academy\/tecnologia-falha-interna-derrubou-redes-diz-facebook\/","title":{"rendered":"TECNOLOGIA: Falha interna derrubou redes, diz Facebook"},"content":{"rendered":"<p>Fonte: G1<\/p>\n<p>O Facebook divulgou nota no final da noite desta segunda-feira informando que o apag\u00e3o global de mais de seis horas em suas redes, que incluem o Whatsapp e o Instagram, foi uma falha interna: um defeito durante altera\u00e7\u00e3o em suas configura\u00e7\u00f5es.<\/p>\n<p><a href=\"https:\/\/g1.globo.com\/tecnologia\/noticia\/2021\/10\/05\/falha-interna-derrubou-redes-diz-facebook.ghtml\">LEIA MAIS&#8230;<\/a><\/p>\n<p>&nbsp;<\/p>\n","protected":false},"excerpt":{"rendered":"<p>Fonte: G1 O Facebook divulgou nota no final da noite desta segunda-feira informando que o apag\u00e3o global de mais de seis horas em suas redes, que incluem o Whatsapp e o Instagram, foi uma falha interna: um defeito durante altera\u00e7\u00e3o em suas configura\u00e7\u00f5es. LEIA MAIS&#8230; &nbsp;<\/p>\n","protected":false},"author":3,"featured_media":0,"comment_status":"open","ping_status":"open","sticky":false,"template":"","format":"standard","meta":{"footnotes":""},"categories":[105],"tags":[],"_links":{"self":[{"href":"https:\/\/acs.org.br\/academy\/wp-json\/wp\/v2\/posts\/100540"}],"collection":[{"href":"https:\/\/acs.org.br\/academy\/wp-json\/wp\/v2\/posts"}],"about":[{"href":"https:\/\/acs.org.br\/academy\/wp-json\/wp\/v2\/types\/post"}],"author":[{"embeddable":true,"href":"https:\/\/acs.org.br\/academy\/wp-json\/wp\/v2\/users\/3"}],"replies":[{"embeddable":true,"href":"https:\/\/acs.org.br\/academy\/wp-json\/wp\/v2\/comments?post=100540"}],"version-history":[{"count":1,"href":"https:\/\/acs.org.br\/academy\/wp-json\/wp\/v2\/posts\/100540\/revisions"}],"predecessor-version":[{"id":100541,"href":"https:\/\/acs.org.br\/academy\/wp-json\/wp\/v2\/posts\/100540\/revisions\/100541"}],"wp:attachment":[{"href":"https:\/\/acs.org.br\/academy\/wp-json\/wp\/v2\/media?parent=100540"}],"wp:term":[{"taxonomy":"category","embeddable":true,"href":"https:\/\/acs.org.br\/academy\/wp-json\/wp\/v2\/categories?post=100540"},{"taxonomy":"post_tag","embeddable":true,"href":"https:\/\/acs.org.br\/academy\/wp-json\/wp\/v2\/tags?post=100540"}],"curies":[{"name":"wp","href":"https:\/\/api.w.org\/{rel}","templated":true}]}}