{"id":100531,"date":"2021-10-05T10:40:20","date_gmt":"2021-10-05T13:40:20","guid":{"rendered":"https:\/\/acs.org.br\/antigo\/?p=100531"},"modified":"2021-10-05T10:41:47","modified_gmt":"2021-10-05T13:41:47","slug":"transporte-transporte-de-carga-aerea-bate-recorde","status":"publish","type":"post","link":"https:\/\/acs.org.br\/academy\/transporte-transporte-de-carga-aerea-bate-recorde\/","title":{"rendered":"TRANSPORTE: Transporte de carga a\u00e9rea bate recorde"},"content":{"rendered":"<p>Meneguette, diretor da Latam, que lidera o transporte de carga a\u00e9rea no pa\u00eds: \u201cAgora entramos na alta temporada\u201d \u2014 Foto: Claudio Belli\/Valor<\/p>\n<p>Fonte: Valor Econ\u00f4mico<\/p>\n<p>A procura por transporte de carga internacional em avi\u00f5es est\u00e1 bastante aquecida. O volume de carga transportada, do exterior para o mercado brasileiro e do pa\u00eds para fora, chegou a 625,7 mil toneladas neste ano, at\u00e9 agosto &#8211; recorde da s\u00e9rie hist\u00f3rica da Ag\u00eancia Nacional de Avia\u00e7\u00e3o Civil (Anac), iniciada em 2000. Em rela\u00e7\u00e3o a 2019, o montante representa alta de 13,5%.<\/p>\n<p><a href=\"https:\/\/acs.org.br\/antigo\/wp-content\/uploads\/2021\/10\/AEREO-05.pdf\">LEIA MAIS&#8230;<\/a><\/p>\n","protected":false},"excerpt":{"rendered":"<p>Meneguette, diretor da Latam, que lidera o transporte de carga a\u00e9rea no pa\u00eds: \u201cAgora entramos na alta temporada\u201d \u2014 Foto: Claudio Belli\/Valor Fonte: Valor Econ\u00f4mico A procura por transporte de carga internacional em avi\u00f5es est\u00e1 bastante aquecida. O volume de carga transportada, do exterior para o mercado brasileiro e do pa\u00eds para fora, chegou a [&hellip;]<\/p>\n","protected":false},"author":3,"featured_media":100533,"comment_status":"open","ping_status":"open","sticky":false,"template":"","format":"standard","meta":{"footnotes":""},"categories":[105],"tags":[],"_links":{"self":[{"href":"https:\/\/acs.org.br\/academy\/wp-json\/wp\/v2\/posts\/100531"}],"collection":[{"href":"https:\/\/acs.org.br\/academy\/wp-json\/wp\/v2\/posts"}],"about":[{"href":"https:\/\/acs.org.br\/academy\/wp-json\/wp\/v2\/types\/post"}],"author":[{"embeddable":true,"href":"https:\/\/acs.org.br\/academy\/wp-json\/wp\/v2\/users\/3"}],"replies":[{"embeddable":true,"href":"https:\/\/acs.org.br\/academy\/wp-json\/wp\/v2\/comments?post=100531"}],"version-history":[{"count":2,"href":"https:\/\/acs.org.br\/academy\/wp-json\/wp\/v2\/posts\/100531\/revisions"}],"predecessor-version":[{"id":100535,"href":"https:\/\/acs.org.br\/academy\/wp-json\/wp\/v2\/posts\/100531\/revisions\/100535"}],"wp:featuredmedia":[{"embeddable":true,"href":"https:\/\/acs.org.br\/academy\/wp-json\/wp\/v2\/media\/100533"}],"wp:attachment":[{"href":"https:\/\/acs.org.br\/academy\/wp-json\/wp\/v2\/media?parent=100531"}],"wp:term":[{"taxonomy":"category","embeddable":true,"href":"https:\/\/acs.org.br\/academy\/wp-json\/wp\/v2\/categories?post=100531"},{"taxonomy":"post_tag","embeddable":true,"href":"https:\/\/acs.org.br\/academy\/wp-json\/wp\/v2\/tags?post=100531"}],"curies":[{"name":"wp","href":"https:\/\/api.w.org\/{rel}","templated":true}]}}